{"id":140133,"date":"2022-02-03T07:00:00","date_gmt":"2022-02-03T12:00:00","guid":{"rendered":"https:\/\/linitiative.ca\/International\/deces-de-abdelhamid-zouba-ancien-joueur-de-lequipe-de-football-du-fln\/"},"modified":"2022-02-03T07:00:00","modified_gmt":"2022-02-03T12:00:00","slug":"deces-de-abdelhamid-zouba-ancien-joueur-de-lequipe-de-football-du-fln","status":"publish","type":"post","link":"https:\/\/linitiative.ca\/International\/deces-de-abdelhamid-zouba-ancien-joueur-de-lequipe-de-football-du-fln\/","title":{"rendered":"D\u00e9c\u00e8s de Abdelhamid Zouba, ancien joueur de l&rsquo;\u00e9quipe de football du FLN"},"content":{"rendered":"<div>L&rsquo;ancien joueur de l&rsquo;\u00e9quipe nationale de football du FLN et entra\u00eeneur national Abdelhamid Zouba est d\u00e9c\u00e9d\u00e9 mercredi soir<\/div>\n<p>Auteur:<br \/>\n<a href=\"https:\/\/www.liberte-algerie.com\/sports\/deces-de-abdelhamid-zouba-ancien-joueur-de-lequipe-de-football-du-fln-372733\">Cliquez ici pour lire l&rsquo;article depuis sa source.<\/a><\/p>\n","protected":false},"excerpt":{"rendered":"<p>L&rsquo;ancien joueur de l&rsquo;\u00e9quipe nationale de football du FLN et entra\u00eeneur national Abdelhamid Zouba est d\u00e9c\u00e9d\u00e9 mercredi soir Auteur: Cliquez ici pour lire l&rsquo;article depuis sa source.<\/p>\n","protected":false},"author":1742,"featured_media":0,"comment_status":"closed","ping_status":"closed","sticky":false,"template":"","format":"standard","meta":{"fifu_image_url":"","fifu_image_alt":"","footnotes":""},"categories":[73,53],"tags":[],"class_list":["post-140133","post","type-post","status-publish","format-standard","hentry","category-actualite","category-algerie"],"_links":{"self":[{"href":"https:\/\/linitiative.ca\/International\/wp-json\/wp\/v2\/posts\/140133","targetHints":{"allow":["GET"]}}],"collection":[{"href":"https:\/\/linitiative.ca\/International\/wp-json\/wp\/v2\/posts"}],"about":[{"href":"https:\/\/linitiative.ca\/International\/wp-json\/wp\/v2\/types\/post"}],"author":[{"embeddable":true,"href":"https:\/\/linitiative.ca\/International\/wp-json\/wp\/v2\/users\/1742"}],"replies":[{"embeddable":true,"href":"https:\/\/linitiative.ca\/International\/wp-json\/wp\/v2\/comments?post=140133"}],"version-history":[{"count":0,"href":"https:\/\/linitiative.ca\/International\/wp-json\/wp\/v2\/posts\/140133\/revisions"}],"wp:attachment":[{"href":"https:\/\/linitiative.ca\/International\/wp-json\/wp\/v2\/media?parent=140133"}],"wp:term":[{"taxonomy":"category","embeddable":true,"href":"https:\/\/linitiative.ca\/International\/wp-json\/wp\/v2\/categories?post=140133"},{"taxonomy":"post_tag","embeddable":true,"href":"https:\/\/linitiative.ca\/International\/wp-json\/wp\/v2\/tags?post=140133"}],"curies":[{"name":"wp","href":"https:\/\/api.w.org\/{rel}","templated":true}]}}