{"id":140134,"date":"2022-02-03T09:45:00","date_gmt":"2022-02-03T14:45:00","guid":{"rendered":"https:\/\/linitiative.ca\/International\/lancement-de-la-plateforme-b-to-binatna-dediee-aux-operateurs-algeriens\/"},"modified":"2022-02-03T09:45:00","modified_gmt":"2022-02-03T14:45:00","slug":"lancement-de-la-plateforme-b-to-binatna-dediee-aux-operateurs-algeriens","status":"publish","type":"post","link":"https:\/\/linitiative.ca\/International\/lancement-de-la-plateforme-b-to-binatna-dediee-aux-operateurs-algeriens\/","title":{"rendered":"Lancement de la plateforme \u00ab\u00a0B to Binatna\u00a0\u00bb d\u00e9di\u00e9e aux op\u00e9rateurs alg\u00e9riens"},"content":{"rendered":"<div>Une plateforme de rencontres d&rsquo;affaires virtuelles B to B (Business to Business) entre les op\u00e9rateurs \u00e9conomiques alg\u00e9riens qu&rsquo;ils soient \u00e9tablis en Alg\u00e9rie ou issus de la diaspora, baptis\u00e9e \u00ab\u00a0B To Binatna\u00a0\u00bb, a \u00e9t\u00e9 lanc\u00e9e jeudi \u00e0 Alger.<\/div>\n<p>Auteur:<br \/>\n<a href=\"https:\/\/www.liberte-algerie.com\/actualite\/lancement-de-la-plateforme-b-to-binatna-dediee-aux-operateurs-algeriens-372734\">Cliquez ici pour lire l&rsquo;article depuis sa source.<\/a><\/p>\n","protected":false},"excerpt":{"rendered":"<p>Une plateforme de rencontres d&rsquo;affaires virtuelles B to B (Business to Business) entre les op\u00e9rateurs \u00e9conomiques alg\u00e9riens qu&rsquo;ils soient \u00e9tablis en Alg\u00e9rie ou issus de la diaspora, baptis\u00e9e \u00ab\u00a0B To Binatna\u00a0\u00bb, a \u00e9t\u00e9 lanc\u00e9e jeudi \u00e0 Alger. Auteur: Cliquez ici pour lire l&rsquo;article depuis sa source.<\/p>\n","protected":false},"author":1742,"featured_media":0,"comment_status":"closed","ping_status":"closed","sticky":false,"template":"","format":"standard","meta":{"fifu_image_url":"","fifu_image_alt":"","footnotes":""},"categories":[73,53],"tags":[],"class_list":["post-140134","post","type-post","status-publish","format-standard","hentry","category-actualite","category-algerie"],"_links":{"self":[{"href":"https:\/\/linitiative.ca\/International\/wp-json\/wp\/v2\/posts\/140134","targetHints":{"allow":["GET"]}}],"collection":[{"href":"https:\/\/linitiative.ca\/International\/wp-json\/wp\/v2\/posts"}],"about":[{"href":"https:\/\/linitiative.ca\/International\/wp-json\/wp\/v2\/types\/post"}],"author":[{"embeddable":true,"href":"https:\/\/linitiative.ca\/International\/wp-json\/wp\/v2\/users\/1742"}],"replies":[{"embeddable":true,"href":"https:\/\/linitiative.ca\/International\/wp-json\/wp\/v2\/comments?post=140134"}],"version-history":[{"count":0,"href":"https:\/\/linitiative.ca\/International\/wp-json\/wp\/v2\/posts\/140134\/revisions"}],"wp:attachment":[{"href":"https:\/\/linitiative.ca\/International\/wp-json\/wp\/v2\/media?parent=140134"}],"wp:term":[{"taxonomy":"category","embeddable":true,"href":"https:\/\/linitiative.ca\/International\/wp-json\/wp\/v2\/categories?post=140134"},{"taxonomy":"post_tag","embeddable":true,"href":"https:\/\/linitiative.ca\/International\/wp-json\/wp\/v2\/tags?post=140134"}],"curies":[{"name":"wp","href":"https:\/\/api.w.org\/{rel}","templated":true}]}}