{"id":140145,"date":"2022-02-07T02:24:00","date_gmt":"2022-02-07T07:24:00","guid":{"rendered":"https:\/\/linitiative.ca\/International\/brest-des-debuts-compliques-pour-belaili-face-a-rennes\/"},"modified":"2022-02-07T02:24:00","modified_gmt":"2022-02-07T07:24:00","slug":"brest-des-debuts-compliques-pour-belaili-face-a-rennes","status":"publish","type":"post","link":"https:\/\/linitiative.ca\/International\/brest-des-debuts-compliques-pour-belaili-face-a-rennes\/","title":{"rendered":"Brest : Des d\u00e9buts compliqu\u00e9s pour Belaili face \u00e0 Rennes"},"content":{"rendered":"<div>Youcef Bela\u00efli, la recrue du Stade Brestois, a affich\u00e9 quelques difficult\u00e9s \u00e9tant donn\u00e9 qu&rsquo;il s&rsquo;agit de son premier match et de sa premi\u00e8re titularisation avec l&rsquo;\u00e9quipe<\/div>\n<p>Auteur:<br \/>\n<a href=\"https:\/\/www.lebuteur.com\/article\/detail?titre=brest-des-debuts-compliques-pour-belaili-face-a-rennes&#038;id=102247\">Cliquez ici pour lire l&rsquo;article depuis sa source.<\/a><\/p>\n","protected":false},"excerpt":{"rendered":"<p>Youcef Bela\u00efli, la recrue du Stade Brestois, a affich\u00e9 quelques difficult\u00e9s \u00e9tant donn\u00e9 qu&rsquo;il s&rsquo;agit de son premier match et de sa premi\u00e8re titularisation avec l&rsquo;\u00e9quipe Auteur: Cliquez ici pour lire l&rsquo;article depuis sa source.<\/p>\n","protected":false},"author":1738,"featured_media":0,"comment_status":"closed","ping_status":"closed","sticky":false,"template":"","format":"standard","meta":{"fifu_image_url":"","fifu_image_alt":"","footnotes":""},"categories":[53,75],"tags":[],"class_list":["post-140145","post","type-post","status-publish","format-standard","hentry","category-algerie","category-sport"],"_links":{"self":[{"href":"https:\/\/linitiative.ca\/International\/wp-json\/wp\/v2\/posts\/140145","targetHints":{"allow":["GET"]}}],"collection":[{"href":"https:\/\/linitiative.ca\/International\/wp-json\/wp\/v2\/posts"}],"about":[{"href":"https:\/\/linitiative.ca\/International\/wp-json\/wp\/v2\/types\/post"}],"author":[{"embeddable":true,"href":"https:\/\/linitiative.ca\/International\/wp-json\/wp\/v2\/users\/1738"}],"replies":[{"embeddable":true,"href":"https:\/\/linitiative.ca\/International\/wp-json\/wp\/v2\/comments?post=140145"}],"version-history":[{"count":0,"href":"https:\/\/linitiative.ca\/International\/wp-json\/wp\/v2\/posts\/140145\/revisions"}],"wp:attachment":[{"href":"https:\/\/linitiative.ca\/International\/wp-json\/wp\/v2\/media?parent=140145"}],"wp:term":[{"taxonomy":"category","embeddable":true,"href":"https:\/\/linitiative.ca\/International\/wp-json\/wp\/v2\/categories?post=140145"},{"taxonomy":"post_tag","embeddable":true,"href":"https:\/\/linitiative.ca\/International\/wp-json\/wp\/v2\/tags?post=140145"}],"curies":[{"name":"wp","href":"https:\/\/api.w.org\/{rel}","templated":true}]}}