{"id":140148,"date":"2022-02-07T13:46:00","date_gmt":"2022-02-07T18:46:00","guid":{"rendered":"https:\/\/linitiative.ca\/International\/lequipe-type-de-la-can-devoilee\/"},"modified":"2022-02-07T13:46:00","modified_gmt":"2022-02-07T18:46:00","slug":"lequipe-type-de-la-can-devoilee","status":"publish","type":"post","link":"https:\/\/linitiative.ca\/International\/lequipe-type-de-la-can-devoilee\/","title":{"rendered":"L&rsquo;\u00e9quipe type de la CAN d\u00e9voil\u00e9e"},"content":{"rendered":"<div>Au lendemain du sacre du S\u00e9n\u00e9gal, la Conf\u00e9d\u00e9ration africaine de football (CAF) a d\u00e9voil\u00e9 l&rsquo;\u00e9quipe type de la CAN<\/div>\n<p>Auteur:<br \/>\n<a href=\"https:\/\/www.lebuteur.com\/article\/detail?titre=lequipe-type-de-la-can-devoilee&#038;id=102250\">Cliquez ici pour lire l&rsquo;article depuis sa source.<\/a><\/p>\n","protected":false},"excerpt":{"rendered":"<p>Au lendemain du sacre du S\u00e9n\u00e9gal, la Conf\u00e9d\u00e9ration africaine de football (CAF) a d\u00e9voil\u00e9 l&rsquo;\u00e9quipe type de la CAN Auteur: Cliquez ici pour lire l&rsquo;article depuis sa source.<\/p>\n","protected":false},"author":1738,"featured_media":0,"comment_status":"closed","ping_status":"closed","sticky":false,"template":"","format":"standard","meta":{"fifu_image_url":"","fifu_image_alt":"","footnotes":""},"categories":[53,75],"tags":[],"class_list":["post-140148","post","type-post","status-publish","format-standard","hentry","category-algerie","category-sport"],"_links":{"self":[{"href":"https:\/\/linitiative.ca\/International\/wp-json\/wp\/v2\/posts\/140148","targetHints":{"allow":["GET"]}}],"collection":[{"href":"https:\/\/linitiative.ca\/International\/wp-json\/wp\/v2\/posts"}],"about":[{"href":"https:\/\/linitiative.ca\/International\/wp-json\/wp\/v2\/types\/post"}],"author":[{"embeddable":true,"href":"https:\/\/linitiative.ca\/International\/wp-json\/wp\/v2\/users\/1738"}],"replies":[{"embeddable":true,"href":"https:\/\/linitiative.ca\/International\/wp-json\/wp\/v2\/comments?post=140148"}],"version-history":[{"count":0,"href":"https:\/\/linitiative.ca\/International\/wp-json\/wp\/v2\/posts\/140148\/revisions"}],"wp:attachment":[{"href":"https:\/\/linitiative.ca\/International\/wp-json\/wp\/v2\/media?parent=140148"}],"wp:term":[{"taxonomy":"category","embeddable":true,"href":"https:\/\/linitiative.ca\/International\/wp-json\/wp\/v2\/categories?post=140148"},{"taxonomy":"post_tag","embeddable":true,"href":"https:\/\/linitiative.ca\/International\/wp-json\/wp\/v2\/tags?post=140148"}],"curies":[{"name":"wp","href":"https:\/\/api.w.org\/{rel}","templated":true}]}}