{"id":140149,"date":"2022-02-07T07:46:59","date_gmt":"2022-02-07T12:46:59","guid":{"rendered":"https:\/\/linitiative.ca\/International\/couvrant-les-zones-oasiennes-de-la-region-de-draa-tafilalet-le-projet-dadaptation-aux-changements-climatiques-au-stade-devaluation-finale\/"},"modified":"2022-02-07T07:46:59","modified_gmt":"2022-02-07T12:46:59","slug":"couvrant-les-zones-oasiennes-de-la-region-de-draa-tafilalet-le-projet-dadaptation-aux-changements-climatiques-au-stade-devaluation-finale","status":"publish","type":"post","link":"https:\/\/linitiative.ca\/International\/couvrant-les-zones-oasiennes-de-la-region-de-draa-tafilalet-le-projet-dadaptation-aux-changements-climatiques-au-stade-devaluation-finale\/","title":{"rendered":"Couvrant les zones oasiennes de la r\u00e9gion de Dr\u00e2a-Tafilalet : Le projet d\u2019adaptation aux changements climatiques au stade d\u2019\u00e9valuation finale"},"content":{"rendered":"<div>\n<p><img loading=\"lazy\" decoding=\"async\" width=\"300\" height=\"153\" src=\"https:\/\/linitiative.ca\/International\/wp-content\/uploads\/sites\/23\/2022\/02\/OASIS-Palmier-300x153-1.jpg\" class=\"attachment-medium size-medium wp-post-image\" alt=\"\" srcset=\"https:\/\/linitiative.ca\/International\/wp-content\/uploads\/sites\/23\/2022\/02\/OASIS-Palmier-300x153-1.jpg 300w, https:\/\/aujourdhui.ma\/wp-content\/uploads\/2022\/02\/OASIS-Palmier-274x140.jpg 274w, https:\/\/aujourdhui.ma\/wp-content\/uploads\/2022\/02\/OASIS-Palmier.jpg 746w, https:\/\/aujourdhui.ma\/wp-content\/uploads\/2022\/02\/OASIS-Palmier-165x84.jpg 165w, https:\/\/aujourdhui.ma\/wp-content\/uploads\/2022\/02\/OASIS-Palmier-702x358.jpg 702w\" sizes=\"auto, (max-width: 300px) 100vw, 300px\"><\/p>\n<p><span style=\"font-size: 20px; color: #800000;\"><strong>Am\u00e9liorer la capacit\u00e9 d\u2019adaptation de la population des zones oasiennes face aux impacts du changement climatique.<\/strong> <\/span><span id=\"more-399194\"><\/span><\/p>\n<p>Tel est l\u2019objectif du projet d\u2019adaptation aux changements climatiques des zones oasiennes (PACCZO) qui arrive \u00e0 son stade d\u2019\u00e9valuation finale. En effet, l\u2019Agence pour le d\u00e9veloppement agricole (ADA) planche sur l\u2019\u00e9valuation de ce projet dans le cadre de l\u2019accord du pr\u00eat sign\u00e9 entre l\u2019agence et le fonds d\u2019adaptation. Cette initiative inclut un don de 9,97 millions USD pour la mise en \u0153uvre du Projet d\u2019adaptation aux changements climatiques dans les zones oasiennes (PACCZO). Sur le plan organisationnel, le projet est ex\u00e9cut\u00e9 par l\u2019Agence pour le d\u00e9veloppement des zones oasiennes et de l\u2019arganier (ANDZOA) en tant qu\u2019entit\u00e9 d\u2019ex\u00e9cution et administr\u00e9 par l\u2019Agence pour le d\u00e9veloppement agricole en tant qu\u2019entit\u00e9 nationale de mise en \u0153uvre accr\u00e9dit\u00e9e par ce Fonds.<\/p>\n<p>Ledit projet vise \u00e0 am\u00e9liorer les capacit\u00e9s d\u2019adaptation pour une meilleure gestion des ressources hydriques dans les zones oasiennes, diversifier les ressources de revenus et am\u00e9liorer les conditions de vie des populations vuln\u00e9rables au changement climatique dans les zones cibles, renforcer la r\u00e9silience des \u00e9cosyst\u00e8mes en r\u00e9ponse au changement climatique, am\u00e9liorer la prise de conscience de tous les acteurs par la gestion et le partage de connaissance ainsi que le renforcement des capacit\u00e9s des acteurs concern\u00e9s par la conception et la mise en \u0153uvre des mesures d\u2019adaptation. Cette initiative couvre les zones relevant de la r\u00e9gion Dr\u00e2a-Tafilalet (bassins Gheris et Maider) pr\u00e9voyant la mise en place des am\u00e9nagements durables hydrauliques et le soutien des d\u00e9marches locales au profit des jeunes et des femmes dans les secteurs de l\u2019agriculture, le tourisme et l\u2019artisanat. Le PACCZO b\u00e9n\u00e9ficie \u00e0 une population d\u2019environ 40.000 habitants et porte sur deux zones particuli\u00e8rement vuln\u00e9rables aux changements climatiques pr\u00e9sentant des probl\u00e9matiques diff\u00e9rentes et repr\u00e9sentatives de la zone, notamment vis-\u00e0-vis de l\u2019eau. Partant de l\u00e0, le reste du territoire oasien sera impact\u00e9 indirectement par la diffusion de ces mod\u00e8les d\u2019adaptation, assure l\u2019ADA.<\/p>\n<p>Sur le terrain, ledit projet concerne les bassins Gheris et Ma\u00efder. Ainsi, le bassin du Gheris est une zone situ\u00e9e dans la partie interm\u00e9diaire d\u2019un bassin versant o\u00f9 les ressources en eau peuvent encore \u00eatre mobilis\u00e9es pour sauvegarder les palmeraies ayant un potentiel de production agricole. De son c\u00f4t\u00e9 le bassin du Ma\u00efder est une zone situ\u00e9e \u00e0 l\u2019aval d\u2019un bassin versant o\u00f9 la disponibilit\u00e9 de la ressource en eau doit \u00eatre pr\u00e9serv\u00e9e pour assurer l\u2019alimentation en eau potable. Le montage institutionnel du projet PACCZO a cr\u00e9\u00e9 deux entit\u00e9s, \u00e0 savoir une entit\u00e9 de mise en \u0153uvre et une entit\u00e9 d\u2019ex\u00e9cution. Dans ce sch\u00e9ma, l\u2019Agence pour le d\u00e9veloppement agricole est \u00abl\u2019entit\u00e9 nationale de mise en \u0153uvre\u00bb accr\u00e9dit\u00e9e aupr\u00e8s du Fonds adaptation et est le seul interlocuteur vis-\u00e0-vis du Fonds. L\u2019\u00e9valuation lanc\u00e9e par l\u2019ADA s\u2019attachera \u00e0 savoir dans quelle mesure ledit projet contribue \u00e0 am\u00e9liorer la r\u00e9silience des populations face aux effets des changements climatiques et les revenus des agriculteurs ayant b\u00e9n\u00e9fici\u00e9 du projet. Pour l\u2019ADA, il est \u00e9galement question de mettre en perspective les r\u00e9sultats de l\u2019\u00e9valuation finale du projet PACCZO afin de tirer profit de l\u2019exp\u00e9rience v\u00e9cue et de capitaliser ses acquis au b\u00e9n\u00e9fice des programmes et projets futurs.<\/p>\n<p>\u00abL\u2019objectif est d\u2019une part de proposer un ensemble de le\u00e7ons et enseignements tir\u00e9s \u00e0 partir de l\u2019exp\u00e9rience du projet PACCZO dans un contexte de lutte contre les effets des changements climatiques en vue de leur internalisation dans les programmes et projets futurs, et d\u2019autre part, de cerner les facteurs-cl\u00e9s de durabilit\u00e9 des r\u00e9sultats et effets obtenus par les activit\u00e9s du projet sur les b\u00e9n\u00e9ficiaires. La finalit\u00e9 \u00e9tant d\u2019enrichir les processus de capitalisation productive des acquis\u00bb, rel\u00e8ve la m\u00eame source.<\/p>\n<p>\u00a0<\/p>\n<\/div>\n<p>Auteur: Ouchagour Leila<br \/>\n<a href=\"https:\/\/aujourdhui.ma\/economie\/couvrant-les-zones-oasiennes-de-la-region-de-draa-tafilalet-le-projet-dadaptation-aux-changements-climatiques-au-stade-devaluation-finale\">Cliquez ici pour lire l&rsquo;article depuis sa source.<\/a><\/p>\n","protected":false},"excerpt":{"rendered":"<p>Am\u00e9liorer la capacit\u00e9 d\u2019adaptation de la population des zones oasiennes face aux impacts du changement climatique. Tel est l\u2019objectif du projet d\u2019adaptation aux changements climatiques des zones oasiennes (PACCZO) qui arrive \u00e0 son stade d\u2019\u00e9valuation finale. En effet, l\u2019Agence pour le d\u00e9veloppement agricole (ADA) planche sur l\u2019\u00e9valuation de ce projet dans le cadre de l\u2019accord [&hellip;]<\/p>\n","protected":false},"author":1759,"featured_media":0,"comment_status":"closed","ping_status":"closed","sticky":false,"template":"","format":"standard","meta":{"fifu_image_url":"https:\/\/aujourdhui.ma\/wp-content\/uploads\/2022\/02\/OASIS-Palmier-300x153.jpg","fifu_image_alt":"Couvrant les zones oasiennes de la r\u00e9gion de Dr\u00e2a-Tafilalet : Le projet d\u2019adaptation aux changements climatiques au stade d\u2019\u00e9valuation finale","footnotes":""},"categories":[73,54],"tags":[],"class_list":["post-140149","post","type-post","status-publish","format-standard","hentry","category-actualite","category-maroc"],"_links":{"self":[{"href":"https:\/\/linitiative.ca\/International\/wp-json\/wp\/v2\/posts\/140149","targetHints":{"allow":["GET"]}}],"collection":[{"href":"https:\/\/linitiative.ca\/International\/wp-json\/wp\/v2\/posts"}],"about":[{"href":"https:\/\/linitiative.ca\/International\/wp-json\/wp\/v2\/types\/post"}],"author":[{"embeddable":true,"href":"https:\/\/linitiative.ca\/International\/wp-json\/wp\/v2\/users\/1759"}],"replies":[{"embeddable":true,"href":"https:\/\/linitiative.ca\/International\/wp-json\/wp\/v2\/comments?post=140149"}],"version-history":[{"count":0,"href":"https:\/\/linitiative.ca\/International\/wp-json\/wp\/v2\/posts\/140149\/revisions"}],"wp:attachment":[{"href":"https:\/\/linitiative.ca\/International\/wp-json\/wp\/v2\/media?parent=140149"}],"wp:term":[{"taxonomy":"category","embeddable":true,"href":"https:\/\/linitiative.ca\/International\/wp-json\/wp\/v2\/categories?post=140149"},{"taxonomy":"post_tag","embeddable":true,"href":"https:\/\/linitiative.ca\/International\/wp-json\/wp\/v2\/tags?post=140149"}],"curies":[{"name":"wp","href":"https:\/\/api.w.org\/{rel}","templated":true}]}}