{"id":140151,"date":"2022-02-07T08:06:44","date_gmt":"2022-02-07T13:06:44","guid":{"rendered":"https:\/\/linitiative.ca\/International\/haute-commission-mixte-maroco-qatarie-lemir-de-letat-du-qatar-recoit-m-aziz-akhannouch\/"},"modified":"2022-02-07T08:06:44","modified_gmt":"2022-02-07T13:06:44","slug":"haute-commission-mixte-maroco-qatarie-lemir-de-letat-du-qatar-recoit-m-aziz-akhannouch","status":"publish","type":"post","link":"https:\/\/linitiative.ca\/International\/haute-commission-mixte-maroco-qatarie-lemir-de-letat-du-qatar-recoit-m-aziz-akhannouch\/","title":{"rendered":"Haute commission mixte maroco-qatarie: l\u2019Emir de l\u2019Etat du Qatar re\u00e7oit M. Aziz Akhannouch"},"content":{"rendered":"<div>\n<p><img loading=\"lazy\" decoding=\"async\" width=\"300\" height=\"153\" src=\"https:\/\/linitiative.ca\/International\/wp-content\/uploads\/sites\/23\/2022\/02\/Akhannouch-Cheikh-Tamim-Bin-Hamad-Al-Thani-Qatar-300x153-1.jpg\" class=\"attachment-medium size-medium wp-post-image\" alt=\"\" srcset=\"https:\/\/linitiative.ca\/International\/wp-content\/uploads\/sites\/23\/2022\/02\/Akhannouch-Cheikh-Tamim-Bin-Hamad-Al-Thani-Qatar-300x153-1.jpg 300w, https:\/\/aujourdhui.ma\/wp-content\/uploads\/2022\/02\/Akhannouch-Cheikh-Tamim-Bin-Hamad-Al-Thani-Qatar-274x140.jpg 274w, https:\/\/aujourdhui.ma\/wp-content\/uploads\/2022\/02\/Akhannouch-Cheikh-Tamim-Bin-Hamad-Al-Thani-Qatar.jpg 746w, https:\/\/aujourdhui.ma\/wp-content\/uploads\/2022\/02\/Akhannouch-Cheikh-Tamim-Bin-Hamad-Al-Thani-Qatar-165x84.jpg 165w, https:\/\/aujourdhui.ma\/wp-content\/uploads\/2022\/02\/Akhannouch-Cheikh-Tamim-Bin-Hamad-Al-Thani-Qatar-702x358.jpg 702w\" sizes=\"auto, (max-width: 300px) 100vw, 300px\"><\/p>\n<p><span style=\"color: #800000; font-size: 20px;\"><strong>Son Altesse Cheikh Tamim Bin Hamad Al-Thani, Emir de l\u2019Etat du Qatar, a re\u00e7u, lundi \u00e0 Doha, le chef du gouvernement, Aziz Akhannouch, et la d\u00e9l\u00e9gation qui l\u2019accompagne \u00e0 l\u2019occasion de la 8-\u00e8me session de la Haute commission mixte de coop\u00e9ration maroco-qatarie.<\/strong><\/span><span id=\"more-399242\"><\/span><\/p>\n<p>Lors de cette rencontre, M. Akhannouch a transmis \u00e0 l\u2019Emir de l\u2019Etat du Qatar les salutations de Sa Majest\u00e9 le Roi Mohammed VI, ainsi que Ses v\u0153ux de sant\u00e9 et de bonheur et de davantage de progr\u00e8s et de prosp\u00e9rit\u00e9 pour le peuple qatari, indique un communiqu\u00e9 du Cabinet de l\u2019Emir du Qatar relay\u00e9 par l\u2019Agence de presse du Qatar (QNA).<\/p>\n<p>De son c\u00f4t\u00e9, Son Altesse Cheikh Tamim Bin Hamad Al-Thani a transmis ses salutations \u00e0 son fr\u00e8re Sa Majest\u00e9 le Roi Mohammed VI, ainsi que ses v\u0153ux de sant\u00e9 et de bonheur pour le Souverain et de davantage de progr\u00e8s et de prosp\u00e9rit\u00e9 pour le peuple marocain.<\/p>\n<p>Selon le communiqu\u00e9, les relations bilat\u00e9rales et les moyens de les d\u00e9velopper et de les renforcer, en plus des derniers d\u00e9veloppements sur les sc\u00e8nes r\u00e9gionales et internationales ont \u00e9t\u00e9 pass\u00e9s en revue lors de cette audience.<\/p>\n<p>Cette rencontre s\u2019est d\u00e9roul\u00e9e en pr\u00e9sence du ministre des Affaires \u00e9trang\u00e8res, de la Coop\u00e9ration africaine et des Marocains r\u00e9sidant \u00e0 l\u2019\u00e9tranger, Nasser Bourita, et de l\u2019ambassadeur du Royaume \u00e0 Doha, Mohamed Sitri. C\u00f4t\u00e9 qatari, ont \u00e9t\u00e9 pr\u00e9sents Cheikh Khalid bin Khalifa bin Abdulaziz Al Thani, Premier Ministre et Ministre de l\u2019Int\u00e9rieur, Cheikh Mohammed bin Abdulrahman Al Thani, Vice-Premier Ministre et Ministre des Affaires \u00e9trang\u00e8res et Cheikh Saud bin Abdulrahman Al Thani, chef du Cabinet de l\u2019Emir du Qatar.<\/p>\n<p>Les travaux de la 8-\u00e8me session de la Haute commission mixte de coop\u00e9ration maroco-qatarie ont d\u00e9but\u00e9, lundi \u00e0 Doha, sous la copr\u00e9sidence du Premier ministre et ministre de l\u2019Int\u00e9rieur du Qatar et du chef du gouvernement marocain.<\/p>\n<p>Cette session a \u00e9t\u00e9 l\u2019occasion d\u2019\u00e9voquer de nouveaux horizons pour le d\u00e9veloppement des relations de coop\u00e9ration entre l\u2019\u00c9tat du Qatar et le Royaume du Maroc en vue de traduire la volont\u00e9 des dirigeants des deux pays de parvenir aux aspirations des deux peuples. Elle a \u00e9t\u00e9 marqu\u00e9e par la signature de plusieurs accords de coop\u00e9ration dans divers domaines.<\/p>\n<\/div>\n<p>Auteur: ALM<br \/>\n<a href=\"https:\/\/aujourdhui.ma\/actualite\/haute-commission-mixte-maroco-qatarie-lemir-de-letat-du-qatar-recoit-m-aziz-akhannouch\">Cliquez ici pour lire l&rsquo;article depuis sa source.<\/a><\/p>\n","protected":false},"excerpt":{"rendered":"<p>Son Altesse Cheikh Tamim Bin Hamad Al-Thani, Emir de l\u2019Etat du Qatar, a re\u00e7u, lundi \u00e0 Doha, le chef du gouvernement, Aziz Akhannouch, et la d\u00e9l\u00e9gation qui l\u2019accompagne \u00e0 l\u2019occasion de la 8-\u00e8me session de la Haute commission mixte de coop\u00e9ration maroco-qatarie. Lors de cette rencontre, M. Akhannouch a transmis \u00e0 l\u2019Emir de l\u2019Etat du [&hellip;]<\/p>\n","protected":false},"author":1759,"featured_media":0,"comment_status":"closed","ping_status":"closed","sticky":false,"template":"","format":"standard","meta":{"fifu_image_url":"https:\/\/aujourdhui.ma\/wp-content\/uploads\/2022\/02\/Akhannouch-Cheikh-Tamim-Bin-Hamad-Al-Thani-Qatar-300x153.jpg","fifu_image_alt":"Haute commission mixte maroco-qatarie: l\u2019Emir de l\u2019Etat du Qatar re\u00e7oit M. Aziz Akhannouch","footnotes":""},"categories":[73,54],"tags":[],"class_list":["post-140151","post","type-post","status-publish","format-standard","hentry","category-actualite","category-maroc"],"_links":{"self":[{"href":"https:\/\/linitiative.ca\/International\/wp-json\/wp\/v2\/posts\/140151","targetHints":{"allow":["GET"]}}],"collection":[{"href":"https:\/\/linitiative.ca\/International\/wp-json\/wp\/v2\/posts"}],"about":[{"href":"https:\/\/linitiative.ca\/International\/wp-json\/wp\/v2\/types\/post"}],"author":[{"embeddable":true,"href":"https:\/\/linitiative.ca\/International\/wp-json\/wp\/v2\/users\/1759"}],"replies":[{"embeddable":true,"href":"https:\/\/linitiative.ca\/International\/wp-json\/wp\/v2\/comments?post=140151"}],"version-history":[{"count":0,"href":"https:\/\/linitiative.ca\/International\/wp-json\/wp\/v2\/posts\/140151\/revisions"}],"wp:attachment":[{"href":"https:\/\/linitiative.ca\/International\/wp-json\/wp\/v2\/media?parent=140151"}],"wp:term":[{"taxonomy":"category","embeddable":true,"href":"https:\/\/linitiative.ca\/International\/wp-json\/wp\/v2\/categories?post=140151"},{"taxonomy":"post_tag","embeddable":true,"href":"https:\/\/linitiative.ca\/International\/wp-json\/wp\/v2\/tags?post=140151"}],"curies":[{"name":"wp","href":"https:\/\/api.w.org\/{rel}","templated":true}]}}