{"id":140159,"date":"2022-02-07T10:33:59","date_gmt":"2022-02-07T15:33:59","guid":{"rendered":"https:\/\/linitiative.ca\/International\/covid-19-maroc-la-situation-epidemiologique-au-7-fevrier-2022-a-16h00\/"},"modified":"2022-02-07T10:33:59","modified_gmt":"2022-02-07T15:33:59","slug":"covid-19-maroc-la-situation-epidemiologique-au-7-fevrier-2022-a-16h00","status":"publish","type":"post","link":"https:\/\/linitiative.ca\/International\/covid-19-maroc-la-situation-epidemiologique-au-7-fevrier-2022-a-16h00\/","title":{"rendered":"Covid-19 \/ Maroc : La situation \u00e9pid\u00e9miologique au 7 f\u00e9vrier 2022 \u00e0 16H00"},"content":{"rendered":"<div>\n<p><img loading=\"lazy\" decoding=\"async\" width=\"300\" height=\"153\" src=\"https:\/\/linitiative.ca\/International\/wp-content\/uploads\/sites\/23\/2022\/02\/Coronavirus-Covid-19-Hopital-300x153-1.jpg\" class=\"attachment-medium size-medium wp-post-image\" alt=\"\" srcset=\"https:\/\/linitiative.ca\/International\/wp-content\/uploads\/sites\/23\/2022\/02\/Coronavirus-Covid-19-Hopital-300x153-1.jpg 300w, https:\/\/aujourdhui.ma\/wp-content\/uploads\/2020\/09\/Coronavirus-Covid-19-Hopital-274x140.jpg 274w, https:\/\/aujourdhui.ma\/wp-content\/uploads\/2020\/09\/Coronavirus-Covid-19-Hopital.jpg 746w, https:\/\/aujourdhui.ma\/wp-content\/uploads\/2020\/09\/Coronavirus-Covid-19-Hopital-165x84.jpg 165w, https:\/\/aujourdhui.ma\/wp-content\/uploads\/2020\/09\/Coronavirus-Covid-19-Hopital-702x358.jpg 702w\" sizes=\"auto, (max-width: 300px) 100vw, 300px\"><\/p>\n<p>721 nouveaux cas soit un cumul de 1 147 964 cas \u00e0 ce jour.<br \/>\n2 712\u00a0 gu\u00e9risons soit un cumul de 1 106 802 \u00e0 ce jour.<br \/>\n24\u00a0 nouveaux d\u00e9c\u00e8s donc un cumul de 15 617 \u00e0 ce jour.<\/p>\n<p><span style=\"color: #ff0000;\"><strong>Nombre de personnes vaccin\u00e9es au 7 f\u00e9vrier 16H00<\/strong><\/span><\/p>\n<p>1\u00e8re dose :\u00a0<strong>24 681 410<\/strong><\/p>\n<p>2\u00e8me dose :\u00a0<strong>23 110 052<\/strong><\/p>\n<p>3\u00e8me dose : <strong>4 793 724<\/strong><\/p>\n<p><img loading=\"lazy\" decoding=\"async\" class=\"aligncenter size-full wp-image-399251\" src=\"https:\/\/linitiative.ca\/International\/wp-content\/uploads\/sites\/23\/2022\/02\/coronavirus07022022_Page_1.jpg\" alt=\"\" width=\"1654\" height=\"2339\" srcset=\"https:\/\/linitiative.ca\/International\/wp-content\/uploads\/sites\/23\/2022\/02\/coronavirus07022022_Page_1.jpg 1654w, https:\/\/aujourdhui.ma\/wp-content\/uploads\/2022\/02\/coronavirus07022022_Page_1-212x300.jpg 212w, https:\/\/aujourdhui.ma\/wp-content\/uploads\/2022\/02\/coronavirus07022022_Page_1-724x1024.jpg 724w, https:\/\/aujourdhui.ma\/wp-content\/uploads\/2022\/02\/coronavirus07022022_Page_1-768x1086.jpg 768w, https:\/\/aujourdhui.ma\/wp-content\/uploads\/2022\/02\/coronavirus07022022_Page_1-1086x1536.jpg 1086w, https:\/\/aujourdhui.ma\/wp-content\/uploads\/2022\/02\/coronavirus07022022_Page_1-1448x2048.jpg 1448w\" sizes=\"auto, (max-width: 1654px) 100vw, 1654px\"> <img loading=\"lazy\" decoding=\"async\" class=\"aligncenter size-full wp-image-399253\" src=\"https:\/\/linitiative.ca\/International\/wp-content\/uploads\/sites\/23\/2022\/02\/coronavirus07022022_Page_2.jpg\" alt=\"\" width=\"1654\" height=\"2339\" srcset=\"https:\/\/linitiative.ca\/International\/wp-content\/uploads\/sites\/23\/2022\/02\/coronavirus07022022_Page_2.jpg 1654w, https:\/\/aujourdhui.ma\/wp-content\/uploads\/2022\/02\/coronavirus07022022_Page_2-212x300.jpg 212w, https:\/\/aujourdhui.ma\/wp-content\/uploads\/2022\/02\/coronavirus07022022_Page_2-724x1024.jpg 724w, https:\/\/aujourdhui.ma\/wp-content\/uploads\/2022\/02\/coronavirus07022022_Page_2-768x1086.jpg 768w, https:\/\/aujourdhui.ma\/wp-content\/uploads\/2022\/02\/coronavirus07022022_Page_2-1086x1536.jpg 1086w, https:\/\/aujourdhui.ma\/wp-content\/uploads\/2022\/02\/coronavirus07022022_Page_2-1448x2048.jpg 1448w\" sizes=\"auto, (max-width: 1654px) 100vw, 1654px\"> <img loading=\"lazy\" decoding=\"async\" class=\"aligncenter size-full wp-image-399254\" src=\"https:\/\/linitiative.ca\/International\/wp-content\/uploads\/sites\/23\/2022\/02\/coronavirus07022022_Page_3.jpg\" alt=\"\" width=\"1654\" height=\"2339\" srcset=\"https:\/\/linitiative.ca\/International\/wp-content\/uploads\/sites\/23\/2022\/02\/coronavirus07022022_Page_3.jpg 1654w, https:\/\/aujourdhui.ma\/wp-content\/uploads\/2022\/02\/coronavirus07022022_Page_3-212x300.jpg 212w, https:\/\/aujourdhui.ma\/wp-content\/uploads\/2022\/02\/coronavirus07022022_Page_3-724x1024.jpg 724w, https:\/\/aujourdhui.ma\/wp-content\/uploads\/2022\/02\/coronavirus07022022_Page_3-768x1086.jpg 768w, https:\/\/aujourdhui.ma\/wp-content\/uploads\/2022\/02\/coronavirus07022022_Page_3-1086x1536.jpg 1086w, https:\/\/aujourdhui.ma\/wp-content\/uploads\/2022\/02\/coronavirus07022022_Page_3-1448x2048.jpg 1448w\" sizes=\"auto, (max-width: 1654px) 100vw, 1654px\"> <img loading=\"lazy\" decoding=\"async\" class=\"aligncenter size-full wp-image-399255\" src=\"https:\/\/linitiative.ca\/International\/wp-content\/uploads\/sites\/23\/2022\/02\/coronavirus07022022_Page_4.jpg\" alt=\"\" width=\"1654\" height=\"2339\" srcset=\"https:\/\/linitiative.ca\/International\/wp-content\/uploads\/sites\/23\/2022\/02\/coronavirus07022022_Page_4.jpg 1654w, https:\/\/aujourdhui.ma\/wp-content\/uploads\/2022\/02\/coronavirus07022022_Page_4-212x300.jpg 212w, https:\/\/aujourdhui.ma\/wp-content\/uploads\/2022\/02\/coronavirus07022022_Page_4-724x1024.jpg 724w, https:\/\/aujourdhui.ma\/wp-content\/uploads\/2022\/02\/coronavirus07022022_Page_4-768x1086.jpg 768w, https:\/\/aujourdhui.ma\/wp-content\/uploads\/2022\/02\/coronavirus07022022_Page_4-1086x1536.jpg 1086w, https:\/\/aujourdhui.ma\/wp-content\/uploads\/2022\/02\/coronavirus07022022_Page_4-1448x2048.jpg 1448w\" sizes=\"auto, (max-width: 1654px) 100vw, 1654px\"><\/p>\n<\/div>\n<p>Auteur: ALM<br \/>\n<a href=\"https:\/\/aujourdhui.ma\/societe\/covid-19-maroc-la-situation-epidemiologique-au-7-fevrier-2022-a-16h00\">Cliquez ici pour lire l&rsquo;article depuis sa source.<\/a><\/p>\n","protected":false},"excerpt":{"rendered":"<p>721 nouveaux cas soit un cumul de 1 147 964 cas \u00e0 ce jour. 2 712\u00a0 gu\u00e9risons soit un cumul de 1 106 802 \u00e0 ce jour. 24\u00a0 nouveaux d\u00e9c\u00e8s donc un cumul de 15 617 \u00e0 ce jour. Nombre de personnes vaccin\u00e9es au 7 f\u00e9vrier 16H00 1\u00e8re dose :\u00a024 681 410 2\u00e8me dose :\u00a023 [&hellip;]<\/p>\n","protected":false},"author":1759,"featured_media":0,"comment_status":"closed","ping_status":"closed","sticky":false,"template":"","format":"standard","meta":{"fifu_image_url":"https:\/\/aujourdhui.ma\/wp-content\/uploads\/2020\/09\/Coronavirus-Covid-19-Hopital-300x153.jpg","fifu_image_alt":"Covid-19 \/ Maroc : La situation \u00e9pid\u00e9miologique au 7 f\u00e9vrier 2022 \u00e0 16H00","footnotes":""},"categories":[73,54],"tags":[],"class_list":["post-140159","post","type-post","status-publish","format-standard","hentry","category-actualite","category-maroc"],"_links":{"self":[{"href":"https:\/\/linitiative.ca\/International\/wp-json\/wp\/v2\/posts\/140159","targetHints":{"allow":["GET"]}}],"collection":[{"href":"https:\/\/linitiative.ca\/International\/wp-json\/wp\/v2\/posts"}],"about":[{"href":"https:\/\/linitiative.ca\/International\/wp-json\/wp\/v2\/types\/post"}],"author":[{"embeddable":true,"href":"https:\/\/linitiative.ca\/International\/wp-json\/wp\/v2\/users\/1759"}],"replies":[{"embeddable":true,"href":"https:\/\/linitiative.ca\/International\/wp-json\/wp\/v2\/comments?post=140159"}],"version-history":[{"count":0,"href":"https:\/\/linitiative.ca\/International\/wp-json\/wp\/v2\/posts\/140159\/revisions"}],"wp:attachment":[{"href":"https:\/\/linitiative.ca\/International\/wp-json\/wp\/v2\/media?parent=140159"}],"wp:term":[{"taxonomy":"category","embeddable":true,"href":"https:\/\/linitiative.ca\/International\/wp-json\/wp\/v2\/categories?post=140159"},{"taxonomy":"post_tag","embeddable":true,"href":"https:\/\/linitiative.ca\/International\/wp-json\/wp\/v2\/tags?post=140159"}],"curies":[{"name":"wp","href":"https:\/\/api.w.org\/{rel}","templated":true}]}}