{"id":140167,"date":"2022-02-07T13:00:00","date_gmt":"2022-02-07T18:00:00","guid":{"rendered":"https:\/\/linitiative.ca\/International\/la-decrue-de-la-vague-omicron-se-poursuit-au-niveau-national\/"},"modified":"2022-02-07T13:00:00","modified_gmt":"2022-02-07T18:00:00","slug":"la-decrue-de-la-vague-omicron-se-poursuit-au-niveau-national","status":"publish","type":"post","link":"https:\/\/linitiative.ca\/International\/la-decrue-de-la-vague-omicron-se-poursuit-au-niveau-national\/","title":{"rendered":"La d\u00e9crue de la vague Omicron se poursuit au niveau national"},"content":{"rendered":"<div>\n<p class=\"has-text-align-center has-vivid-red-color has-text-color\"><strong>Pour la deuxi\u00e8me semaine cons\u00e9cutive<\/strong><\/p>\n<p class=\"has-text-align-left has-black-color has-text-color\"><strong>La d\u00e9crue de la vague Omicron se poursuit au niveau national, pour la deuxi\u00e8me semaine cons\u00e9cutive, avec une vitesse rapide, a assur\u00e9 lundi sur son compte LinkedIn, le coordonnateur du Centre national des op\u00e9rations d\u2019urgence de sant\u00e9 publique au minist\u00e8re de la Sant\u00e9 et de la Protection sociale, Mouad Merabet.<\/strong><\/p>\n<p class=\"has-text-align-left has-black-color has-text-color\">Dans une publication intitul\u00e9e \u00ab\u00a0Bref commentaire sur la situation \u00e9pid\u00e9miologique de l\u2019infection au SARS-CoV-2 \u00e0 la date du 06\/02\/2022\u00a0\u00bb, M. Merabet a soulign\u00e9 que la baisse des nouvelles contaminations avec un changement hebdomadaire \u00ab\u00a0Weekly change\u00a0\u00bb a atteint les -52%, la baisse du taux de positivit\u00e9 hebdomadaire est de 21.8% \u00e0 14.9%, alors que le nombre de reproduction du SARS-CoV-2 au Maroc, \u00e0 la date du 06\/02\/2022 est de 0,80 (+\/- 0.01).<br \/>\u00ab\u00a0Cet indicateur (nombre de reproduction) est &lt; 1 au niveau de toutes les r\u00e9gions sauf de l\u2019Oriental\u00a0\u00bb, a-t-il pr\u00e9cis\u00e9.<br \/>Il a toutefois mis en garde contre la circulation virale qui demeure \u00e9lev\u00e9e, avec un degr\u00e9 de transmission moins intense depuis 4 semaines, estimant \u00e0 cet \u00e9gard que le \u00ab\u00a0passage au niveau mod\u00e9r\u00e9 est pr\u00e9vu tr\u00e8s probablement la semaine prochaine\u00a0\u00bb.<\/p>\n<p class=\"has-text-align-left has-black-color has-text-color\">Devant ces affirmations, M. Merabet a n\u00e9anmoins averti que le risque d\u2019une r\u00e9surgence proche des cas \u00ab\u00a0n\u2019est pas nul mais peu probable\u00a0\u00bb.<\/p>\n<p class=\"has-text-align-left has-black-color has-text-color\">S\u2019agissant des cas de contaminations graves, le m\u00e9decin a relev\u00e9 que le pic a \u00e9t\u00e9 atteint la semaine du 24-30 janvier et la premi\u00e8re semaine de la phase descendante des nouvelles admissions en r\u00e9animation et soins intensifs a \u00e9t\u00e9 entam\u00e9e la semaine du 31 janvier au 06 f\u00e9vrier avec un Weekly Change de -29%.<br \/>\u00ab\u00a0Le taux de reproduction effectif (Rt) calcul\u00e9 sur la base des nouveaux cas de Covidose (cas grave) \u00e0 la date du 06 f\u00e9vrier est de 0.93 (+\/- 0.04), a-t-il fait savoir dans sa publication.<br \/>Concernant le taux de l\u00e9talit\u00e9, M. Merabet a mis en avant une stagnation depuis les deux derni\u00e8res semaines. \u00ab\u00a0Le Pic est atteint et continue pour la deuxi\u00e8me semaine avec un taux de mortalit\u00e9 sp\u00e9cifique hebdomadaire de 6.3 d\u00e9c\u00e8s\/1.Million d\u2019habitants\u00a0\u00bb, a-t-il pr\u00e9cis\u00e9.<\/p>\n<p class=\"has-text-align-left has-black-color has-text-color\">\u00ab\u00a0Ce taux \u00e9tait beaucoup plus \u00e9lev\u00e9 chez les non vaccin\u00e9s (Z\u00e9ro dose) : 28.3 D\u00e9c\u00e8s\/1.Million d\u2019habitants non vaccin\u00e9s, excluant les enfants de 11 ans et moins \u00ab\u00a0, a-t-il signal\u00e9.<br \/>Le responsable a en outre \u00e9mis des conseils en vue de faire face \u00e0 la pand\u00e9mie du Covid-19 notamment la prise vaccinale \u00e0 savoir la troisi\u00e8me dose, le respect des mesures pr\u00e9ventives individuelles et le respect du protocole th\u00e9rapeutique national.<\/p>\n<p>L\u2019article <a rel=\"nofollow\" href=\"http:\/\/albayane.press.ma\/la-decrue-de-la-vague-omicron-se-poursuit-au-niveau-national.html\">La d\u00e9crue de la vague Omicron se poursuit au niveau national<\/a> est apparu en premier sur <a rel=\"nofollow\" href=\"http:\/\/albayane.press.ma\/\">ALBAYANE<\/a>.<\/p>\n<\/div>\n<p>Auteur: M&rsquo;hammed rahal<br \/>\n<a href=\"http:\/\/albayane.press.ma\/la-decrue-de-la-vague-omicron-se-poursuit-au-niveau-national.html\">Cliquez ici pour lire l&rsquo;article depuis sa source.<\/a><\/p>\n","protected":false},"excerpt":{"rendered":"<p>Pour la deuxi\u00e8me semaine cons\u00e9cutive La d\u00e9crue de la vague Omicron se poursuit au niveau national, pour la deuxi\u00e8me semaine cons\u00e9cutive, avec une vitesse rapide, a assur\u00e9 lundi sur son compte LinkedIn, le coordonnateur du Centre national des op\u00e9rations d\u2019urgence de sant\u00e9 publique au minist\u00e8re de la Sant\u00e9 et de la Protection sociale, Mouad Merabet. [&hellip;]<\/p>\n","protected":false},"author":1760,"featured_media":0,"comment_status":"closed","ping_status":"closed","sticky":false,"template":"","format":"standard","meta":{"fifu_image_url":"","fifu_image_alt":"","footnotes":""},"categories":[73,54],"tags":[],"class_list":["post-140167","post","type-post","status-publish","format-standard","hentry","category-actualite","category-maroc"],"_links":{"self":[{"href":"https:\/\/linitiative.ca\/International\/wp-json\/wp\/v2\/posts\/140167","targetHints":{"allow":["GET"]}}],"collection":[{"href":"https:\/\/linitiative.ca\/International\/wp-json\/wp\/v2\/posts"}],"about":[{"href":"https:\/\/linitiative.ca\/International\/wp-json\/wp\/v2\/types\/post"}],"author":[{"embeddable":true,"href":"https:\/\/linitiative.ca\/International\/wp-json\/wp\/v2\/users\/1760"}],"replies":[{"embeddable":true,"href":"https:\/\/linitiative.ca\/International\/wp-json\/wp\/v2\/comments?post=140167"}],"version-history":[{"count":0,"href":"https:\/\/linitiative.ca\/International\/wp-json\/wp\/v2\/posts\/140167\/revisions"}],"wp:attachment":[{"href":"https:\/\/linitiative.ca\/International\/wp-json\/wp\/v2\/media?parent=140167"}],"wp:term":[{"taxonomy":"category","embeddable":true,"href":"https:\/\/linitiative.ca\/International\/wp-json\/wp\/v2\/categories?post=140167"},{"taxonomy":"post_tag","embeddable":true,"href":"https:\/\/linitiative.ca\/International\/wp-json\/wp\/v2\/tags?post=140167"}],"curies":[{"name":"wp","href":"https:\/\/api.w.org\/{rel}","templated":true}]}}