{"id":140168,"date":"2022-02-07T13:00:00","date_gmt":"2022-02-07T18:00:00","guid":{"rendered":"https:\/\/linitiative.ca\/International\/les-condoleances-de-nabil-benabdallah\/"},"modified":"2022-02-07T13:00:00","modified_gmt":"2022-02-07T18:00:00","slug":"les-condoleances-de-nabil-benabdallah","status":"publish","type":"post","link":"https:\/\/linitiative.ca\/International\/les-condoleances-de-nabil-benabdallah\/","title":{"rendered":"Les condol\u00e9ances de Nabil Benabdallah"},"content":{"rendered":"<div>\n<p class=\"has-text-align-center has-vivid-red-color has-text-color\"><strong>D\u00e9c\u00e8s de la m\u00e8re du camarade Mourir Rachid<\/strong><\/p>\n<p class=\"has-black-color has-text-color\"><strong>A la suite du d\u00e9c\u00e8s de la m\u00e8re de notre camarade Mounir Rachid, membre du secteur des Avocats du Parti du Progr\u00e8s et du Socialisme \u00e0 Casablanca, le Secr\u00e9taire g\u00e9n\u00e9ral du PPS lui a adress\u00e9, ainsi qu\u2019\u00e0 la famille de la d\u00e9funte, le message de condol\u00e9ances suivant\u00a0:<\/strong><\/p>\n<p class=\"has-black-color has-text-color\">\u00ab\u00a0Au cher camarade Mounir Rachid, membre du secteur des Avocats du Parti du Progr\u00e8s et du Socialisme \u00e0 Casablanca<\/p>\n<p class=\"has-black-color has-text-color\">J\u2019ai appris, avec une grande tristesse et un profond chagrin, le d\u00e9c\u00e8s de votre d\u00e9funte m\u00e8re, Fatima Jam\u00eei, que Dieu la b\u00e9nisse de l\u2019immensit\u00e9 de Sa mis\u00e9ricorde.<\/p>\n<p class=\"has-black-color has-text-color\">\u00a0En cette douloureuse circonstance, je vous pr\u00e9sente, \u00e0 vous et \u00e0 travers vous \u00e0 votre \u00e9pouse, Souad Lyoussi, \u00e0 tes fr\u00e8res Karim, Samir, Ali, et \u00e0 toutes les familles alli\u00e9es, aux petits-enfants, proches et \u00e0 tous les membres de votre honorable famille, en mon nom personnel et au nom des membres du bureau politique et du comit\u00e9 central, mes plus sinc\u00e8res expressions de condol\u00e9ances et de sympathie dans cette cruelle affliction intervenue par la volont\u00e9 de Dieu. Nous implorons le Tout-Puissant de bien accueillir la d\u00e9funte en Sa sainte mis\u00e9ricorde et de vous accorder ainsi qu\u2019\u00e0 votre famille patience et consolation.<\/p>\n<p class=\"has-black-color has-text-color\">\u00ab\u00a0Nous somme \u00e0 Dieu et \u00e0 Lui nous revenons\u00a0\u00bb.<\/p>\n<p>L\u2019article <a rel=\"nofollow\" href=\"http:\/\/albayane.press.ma\/les-condoleances-de-nabil-benabdallah-2.html\">Les condol\u00e9ances de Nabil Benabdallah<\/a> est apparu en premier sur <a rel=\"nofollow\" href=\"http:\/\/albayane.press.ma\/\">ALBAYANE<\/a>.<\/p>\n<\/div>\n<p>Auteur: M&rsquo;hammed rahal<br \/>\n<a href=\"http:\/\/albayane.press.ma\/les-condoleances-de-nabil-benabdallah-2.html\">Cliquez ici pour lire l&rsquo;article depuis sa source.<\/a><\/p>\n","protected":false},"excerpt":{"rendered":"<p>D\u00e9c\u00e8s de la m\u00e8re du camarade Mourir Rachid A la suite du d\u00e9c\u00e8s de la m\u00e8re de notre camarade Mounir Rachid, membre du secteur des Avocats du Parti du Progr\u00e8s et du Socialisme \u00e0 Casablanca, le Secr\u00e9taire g\u00e9n\u00e9ral du PPS lui a adress\u00e9, ainsi qu\u2019\u00e0 la famille de la d\u00e9funte, le message de condol\u00e9ances suivant\u00a0: [&hellip;]<\/p>\n","protected":false},"author":1760,"featured_media":0,"comment_status":"closed","ping_status":"closed","sticky":false,"template":"","format":"standard","meta":{"fifu_image_url":"","fifu_image_alt":"","footnotes":""},"categories":[73,54],"tags":[],"class_list":["post-140168","post","type-post","status-publish","format-standard","hentry","category-actualite","category-maroc"],"_links":{"self":[{"href":"https:\/\/linitiative.ca\/International\/wp-json\/wp\/v2\/posts\/140168","targetHints":{"allow":["GET"]}}],"collection":[{"href":"https:\/\/linitiative.ca\/International\/wp-json\/wp\/v2\/posts"}],"about":[{"href":"https:\/\/linitiative.ca\/International\/wp-json\/wp\/v2\/types\/post"}],"author":[{"embeddable":true,"href":"https:\/\/linitiative.ca\/International\/wp-json\/wp\/v2\/users\/1760"}],"replies":[{"embeddable":true,"href":"https:\/\/linitiative.ca\/International\/wp-json\/wp\/v2\/comments?post=140168"}],"version-history":[{"count":0,"href":"https:\/\/linitiative.ca\/International\/wp-json\/wp\/v2\/posts\/140168\/revisions"}],"wp:attachment":[{"href":"https:\/\/linitiative.ca\/International\/wp-json\/wp\/v2\/media?parent=140168"}],"wp:term":[{"taxonomy":"category","embeddable":true,"href":"https:\/\/linitiative.ca\/International\/wp-json\/wp\/v2\/categories?post=140168"},{"taxonomy":"post_tag","embeddable":true,"href":"https:\/\/linitiative.ca\/International\/wp-json\/wp\/v2\/tags?post=140168"}],"curies":[{"name":"wp","href":"https:\/\/api.w.org\/{rel}","templated":true}]}}