{"id":140169,"date":"2022-02-07T13:00:00","date_gmt":"2022-02-07T18:00:00","guid":{"rendered":"https:\/\/linitiative.ca\/International\/debut-a-doha-des-travaux-de-la-8e-session\/"},"modified":"2022-02-07T13:00:00","modified_gmt":"2022-02-07T18:00:00","slug":"debut-a-doha-des-travaux-de-la-8e-session","status":"publish","type":"post","link":"https:\/\/linitiative.ca\/International\/debut-a-doha-des-travaux-de-la-8e-session\/","title":{"rendered":"D\u00e9but \u00e0 Doha des travaux de la 8e session"},"content":{"rendered":"<div>\n<p class=\"has-text-align-center has-vivid-red-color has-text-color\"><strong>Haute commission mixte maroco-qatarie<\/strong><\/p>\n<p class=\"has-text-align-left has-black-color has-text-color\"><strong>Les travaux de la 8-\u00e8me session de la Haute commission mixte de coop\u00e9ration maroco-qatarie ont d\u00e9but\u00e9, lundi \u00e0 Rabat, sous la copr\u00e9sidence du Premier ministre et ministre de l\u2019Int\u00e9rieur du Qatar, Cheikh Khaled ben Khalifa Al-Thani, et du chef du gouvernement, Aziz Akhannouch.<\/strong><\/p>\n<p class=\"has-text-align-left has-black-color has-text-color\">Au cours de cette session, report\u00e9e en raison des conditions sanitaires impos\u00e9es par la Covid-19, les d\u00e9l\u00e9gations des deux pays entendent poursuivre la recherche de nouvelles voies pour d\u00e9velopper les relations entre l\u2019Etat du Qatar et le Royaume du Maroc et signer sept accords dans divers secteurs, traduisant la volont\u00e9 des dirigeants des deux pays, SM le Roi Mohammed VI et Son Altesse le Cheikh Tamim Bin Hamad Al-Thani, Emir du Qatar, de r\u00e9aliser les int\u00e9r\u00eats et les aspirations des deux pays fr\u00e8res peuples.<\/p>\n<p class=\"has-text-align-left has-black-color has-text-color\">La d\u00e9l\u00e9gation du Qatar comprend, au sein de la Haute commission mixte, le ministre des Awqaf et des Affaires islamiques, Ghanem Bin Hein Al-Ghanem, le ministre de la Culture, Abdul Rahman bin Hamad Al Thani, le ministre des Sports et de la Jeunesse, Salah bin Ghanem Al-Ali, pr\u00e9sident de l\u2019Autorit\u00e9 du tourisme du Qatar, et le pr\u00e9sident de la Cour des comptes Abdul Aziz Muhammad Al-Emadi.<\/p>\n<p class=\"has-text-align-left has-black-color has-text-color\">Quant \u00e0 la d\u00e9l\u00e9gation marocaine, elle comprend, outre le ministre des Affaires \u00e9trang\u00e8res, de la Coop\u00e9ration africaine et des Marocains r\u00e9sidant \u00e0 l\u2019\u00e9tranger, Nasser Bourita, notamment, la ministre du Tourisme, de l\u2019Artisanat et de l\u2019Economie sociale et solidaire, Fatima Zahra Ammor, le ministre de la Jeunesse, de la Culture et de la Communication, Mohamed Mehdi Bensa\u00efd, la ministre de l\u2019Economie et des Finances, Nadia Fettah Alaoui, le ministre de l\u2019Industrie et du Commerce, Riad Mazur, la ministre de la Transition \u00e9nerg\u00e9tique et du D\u00e9veloppement durable, Nadia Benali, en plus de l\u2019ambassadeur du Royaume \u00e0 Doha, Mohamed Sitri.<\/p>\n<p class=\"has-text-align-left has-black-color has-text-color\">Les accords et protocoles d\u2019accord qui seront sign\u00e9s par la Haute commission mixte concernent la coop\u00e9ration dans les domaines des habous et des affaires islamiques, du tourisme, des comptes, de la coop\u00e9ration dans les secteurs de la culture, de l\u2019art, de la jeunesse et des sports.<\/p>\n<p>L\u2019article <a rel=\"nofollow\" href=\"http:\/\/albayane.press.ma\/debut-a-doha-des-travaux-de-la-8e-session.html\">D\u00e9but \u00e0 Doha des travaux de la 8e session<\/a> est apparu en premier sur <a rel=\"nofollow\" href=\"http:\/\/albayane.press.ma\/\">ALBAYANE<\/a>.<\/p>\n<\/div>\n<p>Auteur: M&rsquo;hammed rahal<br \/>\n<a href=\"http:\/\/albayane.press.ma\/debut-a-doha-des-travaux-de-la-8e-session.html\">Cliquez ici pour lire l&rsquo;article depuis sa source.<\/a><\/p>\n","protected":false},"excerpt":{"rendered":"<p>Haute commission mixte maroco-qatarie Les travaux de la 8-\u00e8me session de la Haute commission mixte de coop\u00e9ration maroco-qatarie ont d\u00e9but\u00e9, lundi \u00e0 Rabat, sous la copr\u00e9sidence du Premier ministre et ministre de l\u2019Int\u00e9rieur du Qatar, Cheikh Khaled ben Khalifa Al-Thani, et du chef du gouvernement, Aziz Akhannouch. Au cours de cette session, report\u00e9e en raison [&hellip;]<\/p>\n","protected":false},"author":1760,"featured_media":0,"comment_status":"closed","ping_status":"closed","sticky":false,"template":"","format":"standard","meta":{"fifu_image_url":"","fifu_image_alt":"","footnotes":""},"categories":[73,54],"tags":[],"class_list":["post-140169","post","type-post","status-publish","format-standard","hentry","category-actualite","category-maroc"],"_links":{"self":[{"href":"https:\/\/linitiative.ca\/International\/wp-json\/wp\/v2\/posts\/140169","targetHints":{"allow":["GET"]}}],"collection":[{"href":"https:\/\/linitiative.ca\/International\/wp-json\/wp\/v2\/posts"}],"about":[{"href":"https:\/\/linitiative.ca\/International\/wp-json\/wp\/v2\/types\/post"}],"author":[{"embeddable":true,"href":"https:\/\/linitiative.ca\/International\/wp-json\/wp\/v2\/users\/1760"}],"replies":[{"embeddable":true,"href":"https:\/\/linitiative.ca\/International\/wp-json\/wp\/v2\/comments?post=140169"}],"version-history":[{"count":0,"href":"https:\/\/linitiative.ca\/International\/wp-json\/wp\/v2\/posts\/140169\/revisions"}],"wp:attachment":[{"href":"https:\/\/linitiative.ca\/International\/wp-json\/wp\/v2\/media?parent=140169"}],"wp:term":[{"taxonomy":"category","embeddable":true,"href":"https:\/\/linitiative.ca\/International\/wp-json\/wp\/v2\/categories?post=140169"},{"taxonomy":"post_tag","embeddable":true,"href":"https:\/\/linitiative.ca\/International\/wp-json\/wp\/v2\/tags?post=140169"}],"curies":[{"name":"wp","href":"https:\/\/api.w.org\/{rel}","templated":true}]}}