{"id":140170,"date":"2022-02-07T13:00:00","date_gmt":"2022-02-07T18:00:00","guid":{"rendered":"https:\/\/linitiative.ca\/International\/croissance-de-130-des-echanges-commerciaux-au-cours-des-cinq-dernieres-annees\/"},"modified":"2022-02-07T13:00:00","modified_gmt":"2022-02-07T18:00:00","slug":"croissance-de-130-des-echanges-commerciaux-au-cours-des-cinq-dernieres-annees","status":"publish","type":"post","link":"https:\/\/linitiative.ca\/International\/croissance-de-130-des-echanges-commerciaux-au-cours-des-cinq-dernieres-annees\/","title":{"rendered":"Croissance de 130% des \u00e9changes commerciaux au cours des cinq derni\u00e8res ann\u00e9es"},"content":{"rendered":"<div>\n<p class=\"has-text-align-center has-vivid-red-color has-text-color\"><strong>Maroc-Qatar<\/strong><\/p>\n<p class=\"has-black-color has-text-color\"><strong>Les \u00e9changes commerciaux entre le Royaume du Maroc et l\u2019\u00c9tat du Qatar se sont accrus de 130% au cours des cinq derni\u00e8res ann\u00e9es, a r\u00e9v\u00e9l\u00e9 le premier vice-pr\u00e9sident de la Chambre du Qatar, Mohammed Bin Ahmed Bin Twar Al Kuwari.<\/strong><\/p>\n<p class=\"has-black-color has-text-color\">Le volume des \u00e9changes commerciaux entre les deux pays est ainsi pass\u00e9 de 330 millions de riyals en 2017 \u00e0 environ 754 millions de riyals l\u2019ann\u00e9e derni\u00e8re, a pr\u00e9cis\u00e9 M. Bin Twar, lors de sa rencontre dimanche au si\u00e8ge de la Chambre avec le chef de la partie marocaine du Conseil d\u2019affaires mixte qataro-marocain, Mohamed Beda.\u00a0 Le chef de la Chambre qatarie a estim\u00e9 que cette performance reste toutefois \u00ab\u00a0en de\u00e7\u00e0 du niveau de nos ambitions, et nous esp\u00e9rons accro\u00eetre davantage nos \u00e9changes gr\u00e2ce \u00e0 la coop\u00e9ration entre les secteurs priv\u00e9s des deux pays\u00a0\u00bb.<br \/>Les deux parties ont notamment discut\u00e9 lors de cette rencontre des moyens de renforcer les relations de coop\u00e9ration entre les entreprises qataries et marocaines, des opportunit\u00e9s d\u2019investissement offertes de part et d\u2019autre, des moyens d\u2019activer de Conseil d\u2019affaires mixte qataro-marocain et de la possibilit\u00e9 d\u2019\u00e9tablir des alliances entre les entreprises des deux pays.<\/p>\n<p class=\"has-black-color has-text-color\">M. Bin Twar a mis en avant la solidit\u00e9 des relations fraternelles entre les deux pays fr\u00e8res, et la volont\u00e9 commune de renforcer les relations commerciales et \u00e9conomiques, notant que le Maroc est un march\u00e9 vaste et prometteur qui offre de nombreuses opportunit\u00e9s d\u2019investissement qui suscitent l\u2019int\u00e9r\u00eat des hommes d\u2019affaires qataris.<br \/>Il a faut \u00e9tat de l\u2019existence de plus de 80 entreprises marocaines sur le march\u00e9 qatari en partenariat avec des entreprises qataries, op\u00e9rant dans une vari\u00e9t\u00e9 de domaines, notamment l\u2019h\u00f4tellerie, le commerce, la sous-traitance, la mode, la beaut\u00e9 et les solutions d\u2019affaires.<br \/>Pour sa part, Mohamed Beda, membre de la Conf\u00e9d\u00e9ration g\u00e9n\u00e9rale des entreprises du Maroc (CGEM), a r\u00e9v\u00e9l\u00e9 que de nombreuses entreprises marocaines souhaitent investir au Qatar, qui se d\u00e9marque par sa stabilit\u00e9 et son climat d\u2019investissement attractif.<\/p>\n<p class=\"has-black-color has-text-color\">Quant \u00e0 Ismail Al-Ansari, il a insist\u00e9 sur la n\u00e9cessit\u00e9 d\u2019activer et de redynamiser le Conseil d\u2019affaires qataro-marocain, r\u00e9it\u00e9rant la grande volont\u00e9 des hommes d\u2019affaires qataris de renforcer la coop\u00e9ration avec leurs homologues marocains, \u00e0 travers l\u2019\u00e9tablissement de partenariats commerciaux et d\u2019investissement dans divers domaines.<br \/>Cette rencontre s\u2019inscrit dans le cadre des rencontres entre experts marocains et qataris, pr\u00e9alables \u00e0 la huiti\u00e8me session de la Haute commission mixte entre les deux pays, dont les travaux ont d\u00e9but\u00e9, ce lundi \u00e0 Doha, sous la copr\u00e9sidence du Premier ministre et ministre de l\u2019Int\u00e9rieur du Qatar, Cheikh Khaled ben Khalifa Al-Thani, et du chef du gouvernement, Aziz Akhannouch.<\/p>\n<p>L\u2019article <a rel=\"nofollow\" href=\"http:\/\/albayane.press.ma\/croissance-de-130-des-echanges-commerciaux-au-cours-des-cinq-dernieres-annees.html\">Croissance de 130% des \u00e9changes commerciaux au cours des cinq derni\u00e8res ann\u00e9es<\/a> est apparu en premier sur <a rel=\"nofollow\" href=\"http:\/\/albayane.press.ma\/\">ALBAYANE<\/a>.<\/p>\n<\/div>\n<p>Auteur: M&rsquo;hammed rahal<br \/>\n<a href=\"http:\/\/albayane.press.ma\/croissance-de-130-des-echanges-commerciaux-au-cours-des-cinq-dernieres-annees.html\">Cliquez ici pour lire l&rsquo;article depuis sa source.<\/a><\/p>\n","protected":false},"excerpt":{"rendered":"<p>Maroc-Qatar Les \u00e9changes commerciaux entre le Royaume du Maroc et l\u2019\u00c9tat du Qatar se sont accrus de 130% au cours des cinq derni\u00e8res ann\u00e9es, a r\u00e9v\u00e9l\u00e9 le premier vice-pr\u00e9sident de la Chambre du Qatar, Mohammed Bin Ahmed Bin Twar Al Kuwari. Le volume des \u00e9changes commerciaux entre les deux pays est ainsi pass\u00e9 de 330 [&hellip;]<\/p>\n","protected":false},"author":1760,"featured_media":0,"comment_status":"closed","ping_status":"closed","sticky":false,"template":"","format":"standard","meta":{"fifu_image_url":"","fifu_image_alt":"","footnotes":""},"categories":[73,54],"tags":[],"class_list":["post-140170","post","type-post","status-publish","format-standard","hentry","category-actualite","category-maroc"],"_links":{"self":[{"href":"https:\/\/linitiative.ca\/International\/wp-json\/wp\/v2\/posts\/140170","targetHints":{"allow":["GET"]}}],"collection":[{"href":"https:\/\/linitiative.ca\/International\/wp-json\/wp\/v2\/posts"}],"about":[{"href":"https:\/\/linitiative.ca\/International\/wp-json\/wp\/v2\/types\/post"}],"author":[{"embeddable":true,"href":"https:\/\/linitiative.ca\/International\/wp-json\/wp\/v2\/users\/1760"}],"replies":[{"embeddable":true,"href":"https:\/\/linitiative.ca\/International\/wp-json\/wp\/v2\/comments?post=140170"}],"version-history":[{"count":0,"href":"https:\/\/linitiative.ca\/International\/wp-json\/wp\/v2\/posts\/140170\/revisions"}],"wp:attachment":[{"href":"https:\/\/linitiative.ca\/International\/wp-json\/wp\/v2\/media?parent=140170"}],"wp:term":[{"taxonomy":"category","embeddable":true,"href":"https:\/\/linitiative.ca\/International\/wp-json\/wp\/v2\/categories?post=140170"},{"taxonomy":"post_tag","embeddable":true,"href":"https:\/\/linitiative.ca\/International\/wp-json\/wp\/v2\/tags?post=140170"}],"curies":[{"name":"wp","href":"https:\/\/api.w.org\/{rel}","templated":true}]}}