{"id":140171,"date":"2022-02-07T13:00:00","date_gmt":"2022-02-07T18:00:00","guid":{"rendered":"https:\/\/linitiative.ca\/International\/solidarite-et-pluie-dhommages-en-europe\/"},"modified":"2022-02-07T13:00:00","modified_gmt":"2022-02-07T18:00:00","slug":"solidarite-et-pluie-dhommages-en-europe","status":"publish","type":"post","link":"https:\/\/linitiative.ca\/International\/solidarite-et-pluie-dhommages-en-europe\/","title":{"rendered":"Solidarit\u00e9 et pluie d\u2019hommages en Europe"},"content":{"rendered":"<div>\n<p class=\"has-text-align-center has-vivid-red-color has-text-color\"><strong>Mort du petit Rayan<\/strong><\/p>\n<p class=\"has-black-color has-text-color\"><strong>Un \u00e9lan de solidarit\u00e9 et une pluie d\u2019hommages ont afflu\u00e9 en Europe, suite au tragique incident qui a co\u00fbt\u00e9 la vie \u00e0 l\u2019enfant Rayan Aourram, tomb\u00e9 dans un puits dans la commune de Tamorot, dans la province de Chefchaouen.<\/strong><\/p>\n<p class=\"has-black-color has-text-color\">Au Vatican, le pape Fran\u00e7ois a exprim\u00e9, dimanche, sa tristesse suite au d\u00e9c\u00e8s tragique du petit gar\u00e7on, f\u00e9licitant le peuple marocain pour sa solidarit\u00e9.<br \/>Le pape a \u00e9galement fait part de sa gratitude envers les secouristes qui ont tout fait pour sauver l\u2019enfant, regrettant que leurs efforts inlassables n\u2019ont pas abouti \u00e0 le sortir sain et sauf.<br \/>Le Pr\u00e9sident Emmanuel Macron a pour sa part affirm\u00e9 \u00ab\u00a0partager la peine de la famille et du peuple marocain\u00a0\u00bb. \u00ab\u00a0Je veux dire \u00e0 la famille du petit Rayan et au peuple marocain que nous partageons leur peine\u00a0\u00bb, a \u00e9crit le chef de l\u2019\u00c9tat fran\u00e7ais sur Facebook.<\/p>\n<p class=\"has-black-color has-text-color\">Dans une d\u00e9claration \u00e0 la MAP, le Pr\u00e9sident de l\u2019Institut du Monde Arabe (IMA), Jack Lang a affirm\u00e9 ressentir \u00ab\u00a0un immense chagrin\u00a0\u00bb, suite \u00e0 la disparition du petit Rayan. \u00ab\u00a0Solidarit\u00e9 avec le peuple marocain soud\u00e9 autour de Rayan et de sa famille. Admiration pour les autorit\u00e9s marocaines\u00a0\u00bb, a dit M. Lang.<br \/>\u00ab\u00a0Au nom du groupe interparlementaire d\u2019Amiti\u00e9, solidarit\u00e9 avec le peuple Marocain apr\u00e8s le d\u00e9c\u00e8s tragique du petit Rayan. Pens\u00e9es \u00e0 la famille\u00a0\u00bb, a r\u00e9agi sur Twitter Christian Cambon, pr\u00e9sident du groupe d\u2019amiti\u00e9 France Maroc du S\u00e9nat.<br \/>\u00ab\u00a0Comme beaucoup au Maroc, en France et partout dans le monde, j\u2019adresse avec \u00e9motion mes pens\u00e9es \u00e0 la m\u00e9moire du petit Rayan, \u00e0 sa famille et ses proches, aux sauveteurs qui ont tout tent\u00e9\u00a0\u00bb, a \u00e9crit, \u00e9galement sur Twitter, la ministre d\u00e9l\u00e9gu\u00e9e aupr\u00e8s du Minist\u00e8re de l\u2019Int\u00e9rieur charg\u00e9e de la Citoyennet\u00e9, Marl\u00e8ne Schiappa.<br \/>Plusieurs personnalit\u00e9s politiques et de la soci\u00e9t\u00e9 civile en France ont \u00e9galement r\u00e9agi \u00e0 la disparition du petit Rayan.<br \/>\u00ab\u00a0Paix \u00e0 l\u2019\u00e2me de Rayan, petit gar\u00e7on si courageux. Quelle tristesse ! Pens\u00e9es tendres et pri\u00e8res pour ses parents. Immense respect et admiration aux secouristes marocains. De tout c\u0153ur avec le Maroc et les Marocains\u00a0\u00bb, a \u00e9crit sur Twitter l\u2019ancienne ministre Rachida Dati.<\/p>\n<p class=\"has-black-color has-text-color\">Yannick Jadot, candidat \u00e9cologiste \u00e0 la pr\u00e9sidentielle fran\u00e7aise, a aussi r\u00e9agi sur Twitter exprimant ses \u00ab\u00a0pens\u00e9es \u00e0 Rayan, sa famille et le peuple marocain qui le pleure\u00a0\u00bb.<br \/>Anne Hidalgo, candidate PS \u00e0 la pr\u00e9sidentielle et maire de Paris, t\u00e9moigne elle aussi de son \u00ab\u00a0immense tristesse\u00a0\u00bb. \u00ab\u00a0Toute mon affection et mon soutien \u00e0 la famille du petit Rayan et \u00e0 ceux qui ont tout tent\u00e9 pour le sauver\u00a0\u00bb, a-t-elle dit.<br \/>\u00ab\u00a0C\u2019est le c\u0153ur bris\u00e9 que j\u2019apprends le d\u00e9c\u00e8s du petit Rayan qui a eu une force incroyable ces derniers jours. Il est tomb\u00e9 dans ce puits et nos c\u0153urs avec. Ce petit ange restera grav\u00e9 \u00e0 tout jamais dans nos c\u0153urs. Mes pens\u00e9es \u00e9mues pour sa famille. Qu\u2019il repose en paix\u00a0\u00bb, a r\u00e9agi sur Twitter Latifa Ibn Ziaten, Pr\u00e9sidente de l\u2019association IMAD Ibn Ziaten pour la Jeunesse et la Paix, qui a illustr\u00e9 son tweet d\u2019un joli dessin o\u00f9 appara\u00eet le visage de Rayan.<br \/>La porte-parole du gouvernement britannique au Moyen-Orient et en Afrique du Nord, Rosie Dyas, a pr\u00e9sent\u00e9 ses condol\u00e9ances \u00e0 la famille de Rayan, au peuple et au gouvernement marocains, ainsi qu\u2019\u00e0 l\u2019ensemble du monde arabe, implorant Dieu d\u2019entourer le d\u00e9funt de sa mis\u00e9ricorde.<br \/>Les \u00e9crivains Ian Redpath et Jeremy Chopra habitu\u00e9s \u00e0 laisser des messages inspirants sur les panneaux du m\u00e9tro londonien, ont d\u00e9di\u00e9 un texte dimanche au jeune gar\u00e7on dans lequel ils saluent le courage de Rayan \u00ab\u00a0dont le nom ne sera jamais oubli\u00e9\u00a0\u00bb.<\/p>\n<p class=\"has-black-color has-text-color\">\u00ab\u00a0Il est difficile de trouver les mots justes pour cette trag\u00e9die qui brise le c\u0153ur. Si l\u2019amour et l\u2019espoir suffisaient \u00e0 te sauver en ce moment, tu serais chez toi\u00a0\u00bb, ont-ils \u00e9crit, \u00e9mettant le v\u0153u de voir le petit \u00ab\u00a0en s\u00e9curit\u00e9 et \u00e0 jamais prot\u00e9g\u00e9 par la lumi\u00e8re du paradis\u00a0\u00bb.\u00a0 \u00ab\u00a0Nous envoyons notre amour et nos pri\u00e8res \u00e0 Rayan, \u00e0 sa famille et \u00e0 ses amis, aux \u00e9quipes de sauvetage et au peuple marocain\u00a0\u00bb, peut-on lire sur un panneau de la station North Greenwich, \u00e0 l\u2019est de Londres.\u00a0 En Italie, l\u2019agence de presse \u00ab\u00a0Nova\u00a0\u00bb rapporte que le ministre italien des Affaires \u00e9trang\u00e8res et de la Coop\u00e9ration internationale, Luigi Di Maio, a pr\u00e9sent\u00e9 ses sinc\u00e8res condol\u00e9ances au ministre des Affaires \u00e9trang\u00e8res, de la Coop\u00e9ration africaine et des Marocains r\u00e9sidant \u00e0 l\u2019\u00e9tranger, Nasser Bourita et \u00e0 la famille de Rayan, affirmant que l\u2019Italie a \u00e9t\u00e9 touch\u00e9e par l\u2019histoire tragique de ce petit enfant.<br \/>Plusieurs responsables politiques ont \u00e9galement r\u00e9agi via des tweets.<\/p>\n<p class=\"has-black-color has-text-color\">\u00ab\u00a0Nous avons pri\u00e9 et esp\u00e9r\u00e9 un miracle. Le Maroc n\u2019est pas le seul \u00e0 pleurer Rayan\u00a0\u00bb, a \u00e9crit la s\u00e9natrice italienne Daniela Santanche.<br \/>De son c\u00f4t\u00e9, la d\u00e9put\u00e9e Maria Cristina Caretta a soulign\u00e9 que Rayan ravive le drame d\u2019Alfredino Rampi, un gar\u00e7on italien \u00e2g\u00e9 de 6 ans pi\u00e9g\u00e9 dans un puits pendant trois jours avant de mourir. \u201cLes m\u00eames espoirs et la m\u00eame fin terrible malheureusement\u201d, a-t-elle tweet\u00e9.<br \/>L\u2019\u00e9crivain et politologue Marco Baratto a exprim\u00e9 \u00e0 son tour ses condol\u00e9ances, dans un tweet, au \u00ab\u00a0peuple marocain qui a fait preuve d\u2019unit\u00e9 et de solidarit\u00e9\u00a0\u00bb.<br \/>Les \u00e9quipes de sauvetage ont r\u00e9ussi, samedi soir, apr\u00e8s 5 jours d\u2019efforts continus, \u00e0 extraire l\u2019enfant Rayan Aourram du puits de 32 m\u00e8tres de profondeur dans lequel il \u00e9tait bloqu\u00e9.<\/p>\n<p class=\"has-black-color has-text-color\">Suite \u00e0 ce tragique incident, SM le Roi Mohammed VI a eu un appel t\u00e9l\u00e9phonique avec les parents du petit Rayan au cours duquel le Souverain a exprim\u00e9 Ses plus vives condol\u00e9ances et Sa sinc\u00e8re compassion \u00e0 l\u2019ensemble des membres de la famille du d\u00e9funt en cette douloureuse \u00e9preuve, la volont\u00e9 divine \u00e9tant imparable, implorant le Tout-Puissant de l\u2019accueillir en Sa sainte mis\u00e9ricorde et dans Son vaste paradis, et d\u2019accorder patience et r\u00e9confort \u00e0 sa famille.<br \/>Un communiqu\u00e9 du Cabinet Royal pr\u00e9cise que SM le Roi a assur\u00e9 qu\u2019Il a suivi de pr\u00e8s les d\u00e9veloppements de ce douloureux incident et qu\u2019Il avait donn\u00e9 Ses Hautes Instructions aux autorit\u00e9s concern\u00e9es pour prendre les mesures n\u00e9cessaires et de d\u00e9ployer tous les efforts possibles afin de sauver le d\u00e9funt, mais la volont\u00e9 de Dieu \u00e9tant imparable, l\u2019enfant a r\u00e9pondu \u00e0 l\u2019appel du Tr\u00e8s-Haut.<\/p>\n<p class=\"has-black-color has-text-color\">Le Souverain a \u00e9galement exprim\u00e9 Sa consid\u00e9ration pour les efforts inlassables consentis par les diff\u00e9rentes autorit\u00e9s, forces publiques, et acteurs associatifs, ainsi que pour l\u2019\u00e9lan de solidarit\u00e9 et la large sympathie exprim\u00e9s \u00e0 l\u2019\u00e9gard de la famille du d\u00e9funt par les diff\u00e9rentes cat\u00e9gories et familles marocaines, dans cette douloureuse circonstance.<\/p>\n<p>L\u2019article <a rel=\"nofollow\" href=\"http:\/\/albayane.press.ma\/solidarite-et-pluie-dhommages-en-europe.html\">Solidarit\u00e9 et pluie d\u2019hommages en Europe<\/a> est apparu en premier sur <a rel=\"nofollow\" href=\"http:\/\/albayane.press.ma\/\">ALBAYANE<\/a>.<\/p>\n<\/div>\n<p>Auteur: M&rsquo;hammed rahal<br \/>\n<a href=\"http:\/\/albayane.press.ma\/solidarite-et-pluie-dhommages-en-europe.html\">Cliquez ici pour lire l&rsquo;article depuis sa source.<\/a><\/p>\n","protected":false},"excerpt":{"rendered":"<p>Mort du petit Rayan Un \u00e9lan de solidarit\u00e9 et une pluie d\u2019hommages ont afflu\u00e9 en Europe, suite au tragique incident qui a co\u00fbt\u00e9 la vie \u00e0 l\u2019enfant Rayan Aourram, tomb\u00e9 dans un puits dans la commune de Tamorot, dans la province de Chefchaouen. Au Vatican, le pape Fran\u00e7ois a exprim\u00e9, dimanche, sa tristesse suite au [&hellip;]<\/p>\n","protected":false},"author":1760,"featured_media":0,"comment_status":"closed","ping_status":"closed","sticky":false,"template":"","format":"standard","meta":{"fifu_image_url":"","fifu_image_alt":"","footnotes":""},"categories":[73,54],"tags":[],"class_list":["post-140171","post","type-post","status-publish","format-standard","hentry","category-actualite","category-maroc"],"_links":{"self":[{"href":"https:\/\/linitiative.ca\/International\/wp-json\/wp\/v2\/posts\/140171","targetHints":{"allow":["GET"]}}],"collection":[{"href":"https:\/\/linitiative.ca\/International\/wp-json\/wp\/v2\/posts"}],"about":[{"href":"https:\/\/linitiative.ca\/International\/wp-json\/wp\/v2\/types\/post"}],"author":[{"embeddable":true,"href":"https:\/\/linitiative.ca\/International\/wp-json\/wp\/v2\/users\/1760"}],"replies":[{"embeddable":true,"href":"https:\/\/linitiative.ca\/International\/wp-json\/wp\/v2\/comments?post=140171"}],"version-history":[{"count":0,"href":"https:\/\/linitiative.ca\/International\/wp-json\/wp\/v2\/posts\/140171\/revisions"}],"wp:attachment":[{"href":"https:\/\/linitiative.ca\/International\/wp-json\/wp\/v2\/media?parent=140171"}],"wp:term":[{"taxonomy":"category","embeddable":true,"href":"https:\/\/linitiative.ca\/International\/wp-json\/wp\/v2\/categories?post=140171"},{"taxonomy":"post_tag","embeddable":true,"href":"https:\/\/linitiative.ca\/International\/wp-json\/wp\/v2\/tags?post=140171"}],"curies":[{"name":"wp","href":"https:\/\/api.w.org\/{rel}","templated":true}]}}