{"id":140173,"date":"2022-02-07T10:12:58","date_gmt":"2022-02-07T15:12:58","guid":{"rendered":"https:\/\/linitiative.ca\/International\/rayan-lunicef-lance-un-appel-pour-mieux-proteger-les-enfants\/"},"modified":"2022-02-07T10:12:58","modified_gmt":"2022-02-07T15:12:58","slug":"rayan-lunicef-lance-un-appel-pour-mieux-proteger-les-enfants","status":"publish","type":"post","link":"https:\/\/linitiative.ca\/International\/rayan-lunicef-lance-un-appel-pour-mieux-proteger-les-enfants\/","title":{"rendered":"Rayan: L&rsquo;Unicef lance un appel pour mieux prot\u00e9ger les enfants"},"content":{"rendered":"<div>\n<div class=\"field field-name-body field-type-text-with-summary field-label-hidden\">\n<div class=\"field-items\">\n<div class=\"field-item even\" property=\"content:encoded\">\n<p class=\"rtejustify\">L&rsquo;Unicef lance un appel pour consolider les efforts d\u00e9ploy\u00e9s en mati\u00e8re de protection des enfants suite au d\u00e9c\u00e8s tragique de Rayan, petit gar\u00e7on tomb\u00e9 dans un puits dans le village d&rsquo;Igharam \u00e0 Chefchaoeun.<\/p>\n<\/div>\n<\/div>\n<\/div>\n<\/div>\n<p>Auteur: hgueye<br \/>\n<a href=\"https:\/\/www.leconomiste.com\/flash-infos\/rayan-l-unicef-lance-un-appel-pour-mieux-proteger-les-enfants\">Cliquez ici pour lire l&rsquo;article depuis sa source.<\/a><\/p>\n","protected":false},"excerpt":{"rendered":"<p>L&rsquo;Unicef lance un appel pour consolider les efforts d\u00e9ploy\u00e9s en mati\u00e8re de protection des enfants suite au d\u00e9c\u00e8s tragique de Rayan, petit gar\u00e7on tomb\u00e9 dans un puits dans le village d&rsquo;Igharam \u00e0 Chefchaoeun. Auteur: hgueye Cliquez ici pour lire l&rsquo;article depuis sa source.<\/p>\n","protected":false},"author":1763,"featured_media":0,"comment_status":"closed","ping_status":"closed","sticky":false,"template":"","format":"standard","meta":{"fifu_image_url":"","fifu_image_alt":"","footnotes":""},"categories":[78,54],"tags":[],"class_list":["post-140173","post","type-post","status-publish","format-standard","hentry","category-economie","category-maroc"],"_links":{"self":[{"href":"https:\/\/linitiative.ca\/International\/wp-json\/wp\/v2\/posts\/140173","targetHints":{"allow":["GET"]}}],"collection":[{"href":"https:\/\/linitiative.ca\/International\/wp-json\/wp\/v2\/posts"}],"about":[{"href":"https:\/\/linitiative.ca\/International\/wp-json\/wp\/v2\/types\/post"}],"author":[{"embeddable":true,"href":"https:\/\/linitiative.ca\/International\/wp-json\/wp\/v2\/users\/1763"}],"replies":[{"embeddable":true,"href":"https:\/\/linitiative.ca\/International\/wp-json\/wp\/v2\/comments?post=140173"}],"version-history":[{"count":0,"href":"https:\/\/linitiative.ca\/International\/wp-json\/wp\/v2\/posts\/140173\/revisions"}],"wp:attachment":[{"href":"https:\/\/linitiative.ca\/International\/wp-json\/wp\/v2\/media?parent=140173"}],"wp:term":[{"taxonomy":"category","embeddable":true,"href":"https:\/\/linitiative.ca\/International\/wp-json\/wp\/v2\/categories?post=140173"},{"taxonomy":"post_tag","embeddable":true,"href":"https:\/\/linitiative.ca\/International\/wp-json\/wp\/v2\/tags?post=140173"}],"curies":[{"name":"wp","href":"https:\/\/api.w.org\/{rel}","templated":true}]}}