{"id":140174,"date":"2022-02-07T10:43:50","date_gmt":"2022-02-07T15:43:50","guid":{"rendered":"https:\/\/linitiative.ca\/International\/covid-19-721-nouveaux-cas-et-24-deces-ce-lundi\/"},"modified":"2022-02-07T10:43:50","modified_gmt":"2022-02-07T15:43:50","slug":"covid-19-721-nouveaux-cas-et-24-deces-ce-lundi","status":"publish","type":"post","link":"https:\/\/linitiative.ca\/International\/covid-19-721-nouveaux-cas-et-24-deces-ce-lundi\/","title":{"rendered":"Covid-19: 721 nouveaux cas et 24 d\u00e9c\u00e8s ce lundi"},"content":{"rendered":"<div>\n<div class=\"field field-name-body field-type-text-with-summary field-label-hidden\">\n<div class=\"field-items\">\n<div class=\"field-item even\" property=\"content:encoded\">\n<p class=\"rtejustify\">Un total de <strong>721<\/strong> nouveaux cas d&rsquo;infection au nouveau coronavirus (Covid-19) et de <strong>2.712<\/strong> gu\u00e9risons a \u00e9t\u00e9 enregistr\u00e9 au Maroc au cours des derni\u00e8res 24 heures, a indiqu\u00e9 lundi le minist\u00e8re de la Sant\u00e9 et de la protection sociale.<\/p>\n<\/div>\n<\/div>\n<\/div>\n<\/div>\n<p>Auteur: hgueye<br \/>\n<a href=\"https:\/\/www.leconomiste.com\/flash-infos\/covid-19-deces\">Cliquez ici pour lire l&rsquo;article depuis sa source.<\/a><\/p>\n","protected":false},"excerpt":{"rendered":"<p>Un total de 721 nouveaux cas d&rsquo;infection au nouveau coronavirus (Covid-19) et de 2.712 gu\u00e9risons a \u00e9t\u00e9 enregistr\u00e9 au Maroc au cours des derni\u00e8res 24 heures, a indiqu\u00e9 lundi le minist\u00e8re de la Sant\u00e9 et de la protection sociale. Auteur: hgueye Cliquez ici pour lire l&rsquo;article depuis sa source.<\/p>\n","protected":false},"author":1763,"featured_media":0,"comment_status":"closed","ping_status":"closed","sticky":false,"template":"","format":"standard","meta":{"fifu_image_url":"","fifu_image_alt":"","footnotes":""},"categories":[78,54],"tags":[],"class_list":["post-140174","post","type-post","status-publish","format-standard","hentry","category-economie","category-maroc"],"_links":{"self":[{"href":"https:\/\/linitiative.ca\/International\/wp-json\/wp\/v2\/posts\/140174","targetHints":{"allow":["GET"]}}],"collection":[{"href":"https:\/\/linitiative.ca\/International\/wp-json\/wp\/v2\/posts"}],"about":[{"href":"https:\/\/linitiative.ca\/International\/wp-json\/wp\/v2\/types\/post"}],"author":[{"embeddable":true,"href":"https:\/\/linitiative.ca\/International\/wp-json\/wp\/v2\/users\/1763"}],"replies":[{"embeddable":true,"href":"https:\/\/linitiative.ca\/International\/wp-json\/wp\/v2\/comments?post=140174"}],"version-history":[{"count":0,"href":"https:\/\/linitiative.ca\/International\/wp-json\/wp\/v2\/posts\/140174\/revisions"}],"wp:attachment":[{"href":"https:\/\/linitiative.ca\/International\/wp-json\/wp\/v2\/media?parent=140174"}],"wp:term":[{"taxonomy":"category","embeddable":true,"href":"https:\/\/linitiative.ca\/International\/wp-json\/wp\/v2\/categories?post=140174"},{"taxonomy":"post_tag","embeddable":true,"href":"https:\/\/linitiative.ca\/International\/wp-json\/wp\/v2\/tags?post=140174"}],"curies":[{"name":"wp","href":"https:\/\/api.w.org\/{rel}","templated":true}]}}