{"id":140175,"date":"2022-02-07T11:07:02","date_gmt":"2022-02-07T16:07:02","guid":{"rendered":"https:\/\/linitiative.ca\/International\/epilepsie-plus-de-400-000-marocains-touches\/"},"modified":"2022-02-07T11:07:02","modified_gmt":"2022-02-07T16:07:02","slug":"epilepsie-plus-de-400-000-marocains-touches","status":"publish","type":"post","link":"https:\/\/linitiative.ca\/International\/epilepsie-plus-de-400-000-marocains-touches\/","title":{"rendered":"Epilepsie: Plus de 400.000 Marocains touch\u00e9s"},"content":{"rendered":"<div>\n<div class=\"field field-name-body field-type-text-with-summary field-label-hidden\">\n<div class=\"field-items\">\n<div class=\"field-item even\" property=\"content:encoded\">\n<p>L&rsquo;\u00e9pilepsie touche plus de 400.000 Marocains, selon la Ligue Marocaine Contre l\u2019\u00c9pilepsie (LMCA). A l\u2019occasion de la Journ\u00e9e nationale contre l\u2019\u00e9pilepsie, c\u00e9l\u00e9br\u00e9e ce mardi 8 f\u00e9vrier, la Ligue compte sensibiliser au sujet de cette maladie \u00ab\u00a0dans le but d\u2019amener les gens \u00e0 parler de cette maladie afin de lutter contre les id\u00e9es re\u00e7ues, et pour que les personnes atteintes se sentent moins seules\u00a0\u00bb.<\/p>\n<\/div>\n<\/div>\n<\/div>\n<\/div>\n<p>Auteur: hgueye<br \/>\n<a href=\"https:\/\/www.leconomiste.com\/flash-infos\/epilepsie-plus-de-400-000-marocains-touches\">Cliquez ici pour lire l&rsquo;article depuis sa source.<\/a><\/p>\n","protected":false},"excerpt":{"rendered":"<p>L&rsquo;\u00e9pilepsie touche plus de 400.000 Marocains, selon la Ligue Marocaine Contre l\u2019\u00c9pilepsie (LMCA). A l\u2019occasion de la Journ\u00e9e nationale contre l\u2019\u00e9pilepsie, c\u00e9l\u00e9br\u00e9e ce mardi 8 f\u00e9vrier, la Ligue compte sensibiliser au sujet de cette maladie \u00ab\u00a0dans le but d\u2019amener les gens \u00e0 parler de cette maladie afin de lutter contre les id\u00e9es re\u00e7ues, et pour [&hellip;]<\/p>\n","protected":false},"author":1763,"featured_media":0,"comment_status":"closed","ping_status":"closed","sticky":false,"template":"","format":"standard","meta":{"fifu_image_url":"","fifu_image_alt":"","footnotes":""},"categories":[78,54],"tags":[],"class_list":["post-140175","post","type-post","status-publish","format-standard","hentry","category-economie","category-maroc"],"_links":{"self":[{"href":"https:\/\/linitiative.ca\/International\/wp-json\/wp\/v2\/posts\/140175","targetHints":{"allow":["GET"]}}],"collection":[{"href":"https:\/\/linitiative.ca\/International\/wp-json\/wp\/v2\/posts"}],"about":[{"href":"https:\/\/linitiative.ca\/International\/wp-json\/wp\/v2\/types\/post"}],"author":[{"embeddable":true,"href":"https:\/\/linitiative.ca\/International\/wp-json\/wp\/v2\/users\/1763"}],"replies":[{"embeddable":true,"href":"https:\/\/linitiative.ca\/International\/wp-json\/wp\/v2\/comments?post=140175"}],"version-history":[{"count":0,"href":"https:\/\/linitiative.ca\/International\/wp-json\/wp\/v2\/posts\/140175\/revisions"}],"wp:attachment":[{"href":"https:\/\/linitiative.ca\/International\/wp-json\/wp\/v2\/media?parent=140175"}],"wp:term":[{"taxonomy":"category","embeddable":true,"href":"https:\/\/linitiative.ca\/International\/wp-json\/wp\/v2\/categories?post=140175"},{"taxonomy":"post_tag","embeddable":true,"href":"https:\/\/linitiative.ca\/International\/wp-json\/wp\/v2\/tags?post=140175"}],"curies":[{"name":"wp","href":"https:\/\/api.w.org\/{rel}","templated":true}]}}