{"id":140179,"date":"2022-02-07T03:01:00","date_gmt":"2022-02-07T08:01:00","guid":{"rendered":"https:\/\/linitiative.ca\/International\/abdelmajid-charfi-lautocratie-fait-courir-des-dangers-dimplosion-sociale\/"},"modified":"2022-02-07T03:01:00","modified_gmt":"2022-02-07T08:01:00","slug":"abdelmajid-charfi-lautocratie-fait-courir-des-dangers-dimplosion-sociale","status":"publish","type":"post","link":"https:\/\/linitiative.ca\/International\/abdelmajid-charfi-lautocratie-fait-courir-des-dangers-dimplosion-sociale\/","title":{"rendered":"Abdelmajid Charfi: L\u2019autocratie fait courir des dangers d\u2019implosion sociale"},"content":{"rendered":"<div><img decoding=\"async\" src=\"https:\/\/linitiative.ca\/International\/wp-content\/uploads\/sites\/23\/2022\/02\/1644218335_article.jpg\" alt=\"Abdelmajid Charfi: L\u2019autocratie fait courir des dangers d\u2019implosion sociale\" align=\"left\">S\u00e9r\u00e9nit\u00e9, profondeur et \u00e9l\u00e9vation. Du haut de ses 80 ans qu\u2019il vient d\u2019\u00e9trenner le 24 janvier dernier, le professeur Abdelmajid Charfi prom\u00e8ne un regard perspicace sur ce qui se passe en Tunisie et dans la r\u00e9gion. Maintenant qu\u2019il a boucl\u00e9 son mandat de cinq ans \u00e0 la t\u00eate de Beit al Hikma, il retrouve le temps de la r\u00e9flexion approfondie, de l\u2019\u00e9criture assidue et des \u00e9changes francs qui ont toujours \u00e9t\u00e9 son pur bonheur. \u00abJe suis assez peu sensible \u00e0 la politique politicienne, nous confie-t-il. Ce qui m\u2019int\u00e9resse le plus, ce sont les grands choix de soci\u00e9t\u00e9.\u00bb Nous voil\u00e0 en plein dans l\u2019essentiel qui concerne aujourd\u2019hui la Tunisie.<br \/>\nLui qui croit &#8230;<\/p>\n<\/div>\n<p>Auteur:<br \/>\n<a href=\"https:\/\/www.leaders.com.tn\/article\/32938-abdelmajid-charfi-l-autocratie-fait-courir-des-dangers-d-implosion-sociale\">Cliquez ici pour lire l&rsquo;article depuis sa source.<\/a><\/p>\n","protected":false},"excerpt":{"rendered":"<p>S\u00e9r\u00e9nit\u00e9, profondeur et \u00e9l\u00e9vation. Du haut de ses 80 ans qu\u2019il vient d\u2019\u00e9trenner le 24 janvier dernier, le professeur Abdelmajid Charfi prom\u00e8ne un regard perspicace sur ce qui se passe en Tunisie et dans la r\u00e9gion. Maintenant qu\u2019il a boucl\u00e9 son mandat de cinq ans \u00e0 la t\u00eate de Beit al Hikma, il retrouve le [&hellip;]<\/p>\n","protected":false},"author":1772,"featured_media":0,"comment_status":"closed","ping_status":"closed","sticky":false,"template":"","format":"standard","meta":{"fifu_image_url":"http:\/\/www.leaders.com.tn\/uploads\/content\/thumbnails_small\/1644218335_article.jpg","fifu_image_alt":"Abdelmajid Charfi: L\u2019autocratie fait courir des dangers d\u2019implosion sociale","footnotes":""},"categories":[73,55],"tags":[],"class_list":["post-140179","post","type-post","status-publish","format-standard","hentry","category-actualite","category-tunisie"],"_links":{"self":[{"href":"https:\/\/linitiative.ca\/International\/wp-json\/wp\/v2\/posts\/140179","targetHints":{"allow":["GET"]}}],"collection":[{"href":"https:\/\/linitiative.ca\/International\/wp-json\/wp\/v2\/posts"}],"about":[{"href":"https:\/\/linitiative.ca\/International\/wp-json\/wp\/v2\/types\/post"}],"author":[{"embeddable":true,"href":"https:\/\/linitiative.ca\/International\/wp-json\/wp\/v2\/users\/1772"}],"replies":[{"embeddable":true,"href":"https:\/\/linitiative.ca\/International\/wp-json\/wp\/v2\/comments?post=140179"}],"version-history":[{"count":0,"href":"https:\/\/linitiative.ca\/International\/wp-json\/wp\/v2\/posts\/140179\/revisions"}],"wp:attachment":[{"href":"https:\/\/linitiative.ca\/International\/wp-json\/wp\/v2\/media?parent=140179"}],"wp:term":[{"taxonomy":"category","embeddable":true,"href":"https:\/\/linitiative.ca\/International\/wp-json\/wp\/v2\/categories?post=140179"},{"taxonomy":"post_tag","embeddable":true,"href":"https:\/\/linitiative.ca\/International\/wp-json\/wp\/v2\/tags?post=140179"}],"curies":[{"name":"wp","href":"https:\/\/api.w.org\/{rel}","templated":true}]}}