{"id":140183,"date":"2022-02-07T04:52:00","date_gmt":"2022-02-07T09:52:00","guid":{"rendered":"https:\/\/linitiative.ca\/International\/dissolution-du-conseil-superieur-de-la-magistrature-les-prochaines-etapes-album-photos\/"},"modified":"2022-02-07T04:52:00","modified_gmt":"2022-02-07T09:52:00","slug":"dissolution-du-conseil-superieur-de-la-magistrature-les-prochaines-etapes-album-photos","status":"publish","type":"post","link":"https:\/\/linitiative.ca\/International\/dissolution-du-conseil-superieur-de-la-magistrature-les-prochaines-etapes-album-photos\/","title":{"rendered":"Dissolution du Conseil sup\u00e9rieur de la Magistrature: les prochaines \u00e9tapes (Album photos)"},"content":{"rendered":"<div><img decoding=\"async\" src=\"https:\/\/linitiative.ca\/International\/wp-content\/uploads\/sites\/23\/2022\/02\/1644223951_article.jpg\" alt=\"Conseil Superieur des Magistrats\" align=\"left\">Aux mises en gardes successives, la d\u00e9cision n\u2019a pas tard\u00e9 \u00e0 suivre. La dissolution du Conseil sup\u00e9rieur de la Magistrature qui sera formalis\u00e9e par un d\u00e9cret-loi devant \u00eatre publi\u00e9 incessamment et sa refonte sous une autre formule marque sans doute un tournant historique dans l\u2019histoire r\u00e9cente de la justice. Il est clair que cette institution constitutionnelle cr\u00e9\u00e9 par la Constitution de 2014 (art.\u00a0 112- 114) n\u2019a pas tenu toutes ses promesses. Elle n\u2019a r\u00e9ussi ni \u00e0 garantir \u00able bon fonctionnement de la justice et le respect de son ind\u00e9pendance \u00bb, ni proposer les r\u00e9formes appropri\u00e9es. Plus encore, elle n\u2019a pu rehausser l\u2019image de la justice bien entam\u00e9e.<br \/>\nLes &#8230;<\/p>\n<\/div>\n<p>Auteur:<br \/>\n<a href=\"https:\/\/www.leaders.com.tn\/article\/32940-conseil-superieur-des-magistrats\">Cliquez ici pour lire l&rsquo;article depuis sa source.<\/a><\/p>\n","protected":false},"excerpt":{"rendered":"<p>Aux mises en gardes successives, la d\u00e9cision n\u2019a pas tard\u00e9 \u00e0 suivre. La dissolution du Conseil sup\u00e9rieur de la Magistrature qui sera formalis\u00e9e par un d\u00e9cret-loi devant \u00eatre publi\u00e9 incessamment et sa refonte sous une autre formule marque sans doute un tournant historique dans l\u2019histoire r\u00e9cente de la justice. Il est clair que cette institution [&hellip;]<\/p>\n","protected":false},"author":1772,"featured_media":0,"comment_status":"closed","ping_status":"closed","sticky":false,"template":"","format":"standard","meta":{"fifu_image_url":"http:\/\/www.leaders.com.tn\/uploads\/content\/thumbnails_small\/1644223951_article.jpg","fifu_image_alt":"Dissolution du Conseil sup\u00e9rieur de la Magistrature: les prochaines \u00e9tapes (Album photos)","footnotes":""},"categories":[73,55],"tags":[],"class_list":["post-140183","post","type-post","status-publish","format-standard","hentry","category-actualite","category-tunisie"],"_links":{"self":[{"href":"https:\/\/linitiative.ca\/International\/wp-json\/wp\/v2\/posts\/140183","targetHints":{"allow":["GET"]}}],"collection":[{"href":"https:\/\/linitiative.ca\/International\/wp-json\/wp\/v2\/posts"}],"about":[{"href":"https:\/\/linitiative.ca\/International\/wp-json\/wp\/v2\/types\/post"}],"author":[{"embeddable":true,"href":"https:\/\/linitiative.ca\/International\/wp-json\/wp\/v2\/users\/1772"}],"replies":[{"embeddable":true,"href":"https:\/\/linitiative.ca\/International\/wp-json\/wp\/v2\/comments?post=140183"}],"version-history":[{"count":0,"href":"https:\/\/linitiative.ca\/International\/wp-json\/wp\/v2\/posts\/140183\/revisions"}],"wp:attachment":[{"href":"https:\/\/linitiative.ca\/International\/wp-json\/wp\/v2\/media?parent=140183"}],"wp:term":[{"taxonomy":"category","embeddable":true,"href":"https:\/\/linitiative.ca\/International\/wp-json\/wp\/v2\/categories?post=140183"},{"taxonomy":"post_tag","embeddable":true,"href":"https:\/\/linitiative.ca\/International\/wp-json\/wp\/v2\/tags?post=140183"}],"curies":[{"name":"wp","href":"https:\/\/api.w.org\/{rel}","templated":true}]}}