{"id":140185,"date":"2022-02-07T11:06:00","date_gmt":"2022-02-07T16:06:00","guid":{"rendered":"https:\/\/linitiative.ca\/International\/hassen-akrout-un-pionnier-du-cinema-et-de-la-television-tunisienne-nous-quitte\/"},"modified":"2022-02-07T11:06:00","modified_gmt":"2022-02-07T16:06:00","slug":"hassen-akrout-un-pionnier-du-cinema-et-de-la-television-tunisienne-nous-quitte","status":"publish","type":"post","link":"https:\/\/linitiative.ca\/International\/hassen-akrout-un-pionnier-du-cinema-et-de-la-television-tunisienne-nous-quitte\/","title":{"rendered":"Hassen Akrout, un pionnier du cin\u00e9ma et de la t\u00e9l\u00e9vision tunisienne, nous quitte"},"content":{"rendered":"<div><img decoding=\"async\" src=\"https:\/\/linitiative.ca\/International\/wp-content\/uploads\/sites\/23\/2022\/02\/1644246360_article.jpg\" alt=\"Hassen Akrout, un pionnier du cin\u00e9ma et de la t\u00e9l\u00e9vision tunisienne, nous quitte\" align=\"left\">Plus d\u2019un talent \u00e0 son arc ! Fondateur de l\u2019Association Jeunes Sciences de Tunisie, PDG de la SATPEC Commissaire g\u00e9n\u00e9ral \u00e0 la P\u00eache et surtout l\u2019un des pionniers de la Radio-T\u00e9l\u00e9vision tunisienne : Hassen Akrout vient de d\u00e9c\u00e9der. Sa longue silhouette s\u2019\u00e9tait longtemps profil\u00e9e au c\u00f4t\u00e9 de son mentor Chedli Klibi, avec Mohamed Maghrebi, Tijani Zalila, Hammadi Fourati, Mustapha Masmoudi et autres Mustapha Fersi. Discret, efficace, et un grand passionn\u00e9 des arts et des lettres, amoureux du cin\u00e9ma, d\u00e9vou\u00e9 \u00e0 l\u2019action culturelle. Avec son \u00e9pouse Jaouida, ils formaient tous deux un couple tr\u00e8s actif dans les milieux culturels, contribuant \u00e0 la r\u00e9ussite de tant de &#8230;<\/p>\n<\/div>\n<p>Auteur:<br \/>\n<a href=\"https:\/\/www.leaders.com.tn\/article\/32942-hassen-akrout-un-pionnier-du-cinema-et-de-la-television-tunisienne-nous-quitte\">Cliquez ici pour lire l&rsquo;article depuis sa source.<\/a><\/p>\n","protected":false},"excerpt":{"rendered":"<p>Plus d\u2019un talent \u00e0 son arc ! Fondateur de l\u2019Association Jeunes Sciences de Tunisie, PDG de la SATPEC Commissaire g\u00e9n\u00e9ral \u00e0 la P\u00eache et surtout l\u2019un des pionniers de la Radio-T\u00e9l\u00e9vision tunisienne : Hassen Akrout vient de d\u00e9c\u00e9der. Sa longue silhouette s\u2019\u00e9tait longtemps profil\u00e9e au c\u00f4t\u00e9 de son mentor Chedli Klibi, avec Mohamed Maghrebi, Tijani [&hellip;]<\/p>\n","protected":false},"author":1772,"featured_media":0,"comment_status":"closed","ping_status":"closed","sticky":false,"template":"","format":"standard","meta":{"fifu_image_url":"http:\/\/www.leaders.com.tn\/uploads\/content\/thumbnails_small\/1644246360_article.jpg","fifu_image_alt":"Hassen Akrout, un pionnier du cin\u00e9ma et de la t\u00e9l\u00e9vision tunisienne, nous quitte","footnotes":""},"categories":[73,55],"tags":[],"class_list":["post-140185","post","type-post","status-publish","format-standard","hentry","category-actualite","category-tunisie"],"_links":{"self":[{"href":"https:\/\/linitiative.ca\/International\/wp-json\/wp\/v2\/posts\/140185","targetHints":{"allow":["GET"]}}],"collection":[{"href":"https:\/\/linitiative.ca\/International\/wp-json\/wp\/v2\/posts"}],"about":[{"href":"https:\/\/linitiative.ca\/International\/wp-json\/wp\/v2\/types\/post"}],"author":[{"embeddable":true,"href":"https:\/\/linitiative.ca\/International\/wp-json\/wp\/v2\/users\/1772"}],"replies":[{"embeddable":true,"href":"https:\/\/linitiative.ca\/International\/wp-json\/wp\/v2\/comments?post=140185"}],"version-history":[{"count":0,"href":"https:\/\/linitiative.ca\/International\/wp-json\/wp\/v2\/posts\/140185\/revisions"}],"wp:attachment":[{"href":"https:\/\/linitiative.ca\/International\/wp-json\/wp\/v2\/media?parent=140185"}],"wp:term":[{"taxonomy":"category","embeddable":true,"href":"https:\/\/linitiative.ca\/International\/wp-json\/wp\/v2\/categories?post=140185"},{"taxonomy":"post_tag","embeddable":true,"href":"https:\/\/linitiative.ca\/International\/wp-json\/wp\/v2\/tags?post=140185"}],"curies":[{"name":"wp","href":"https:\/\/api.w.org\/{rel}","templated":true}]}}