{"id":140187,"date":"2022-02-07T04:32:48","date_gmt":"2022-02-07T09:32:48","guid":{"rendered":"https:\/\/linitiative.ca\/International\/le-deces-de-rayan-un-drame-planetaire-kamal-lahlou\/"},"modified":"2022-02-07T04:32:48","modified_gmt":"2022-02-07T09:32:48","slug":"le-deces-de-rayan-un-drame-planetaire-kamal-lahlou","status":"publish","type":"post","link":"https:\/\/linitiative.ca\/International\/le-deces-de-rayan-un-drame-planetaire-kamal-lahlou\/","title":{"rendered":"Le d\u00e9c\u00e8s de Rayan \u00abun drame plan\u00e9taire\u00bb [Kamal Lahlou]"},"content":{"rendered":"<div><img decoding=\"async\" width=\"780\" height=\"468\" src=\"https:\/\/linitiative.ca\/International\/wp-content\/uploads\/sites\/23\/2022\/02\/RAYAN.jpg\" class=\"attachment-post-thumbnail size-post-thumbnail wp-post-image\" alt=\"\" loading=\"lazy\" srcset=\"https:\/\/linitiative.ca\/International\/wp-content\/uploads\/sites\/23\/2022\/02\/RAYAN.jpg 780w, https:\/\/www.challenge.ma\/wp-content\/uploads\/2022\/02\/RAYAN-300x180.jpg 300w, https:\/\/www.challenge.ma\/wp-content\/uploads\/2022\/02\/RAYAN-768x461.jpg 768w, https:\/\/www.challenge.ma\/wp-content\/uploads\/2022\/02\/RAYAN-360x216.jpg 360w, https:\/\/www.challenge.ma\/wp-content\/uploads\/2022\/02\/RAYAN-750x450.jpg 750w\" sizes=\"auto, (max-width: 780px) 100vw, 780px\" itemprop=\"image\">Le d\u00e9c\u00e8s de Rayan, l\u2019enfant de cinq ans pi\u00e9g\u00e9 pendant cinq jours dans un puits dans la commune de Tamorot (province de Chefchaouen), est \u00ab\u00a0un drame plan\u00e9taire\u00a0\u00bb, qui ne peut \u00eatre transform\u00e9 en spectacle, a affirm\u00e9 Kamal Lahlou, pr\u00e9sident de la F\u00e9d\u00e9ration marocaine des m\u00e9dias (FMM). \u00ab\u00a0Nous nous f\u00e9licitons, au<\/div>\n<p>Auteur: challenge<br \/>\n<a href=\"https:\/\/www.challenge.ma\/le-deces-de-rayan-un-drame-planetaire-kamal-lahlou-232139\/\">Cliquez ici pour lire l&rsquo;article depuis sa source.<\/a><\/p>\n","protected":false},"excerpt":{"rendered":"<p>Le d\u00e9c\u00e8s de Rayan, l\u2019enfant de cinq ans pi\u00e9g\u00e9 pendant cinq jours dans un puits dans la commune de Tamorot (province de Chefchaouen), est \u00ab\u00a0un drame plan\u00e9taire\u00a0\u00bb, qui ne peut \u00eatre transform\u00e9 en spectacle, a affirm\u00e9 Kamal Lahlou, pr\u00e9sident de la F\u00e9d\u00e9ration marocaine des m\u00e9dias (FMM). \u00ab\u00a0Nous nous f\u00e9licitons, au Auteur: challenge Cliquez ici pour [&hellip;]<\/p>\n","protected":false},"author":1787,"featured_media":0,"comment_status":"closed","ping_status":"closed","sticky":false,"template":"","format":"standard","meta":{"fifu_image_url":"https:\/\/www.challenge.ma\/wp-content\/uploads\/2022\/02\/RAYAN.jpg","fifu_image_alt":"Le d\u00e9c\u00e8s de Rayan \u00abun drame plan\u00e9taire\u00bb [Kamal Lahlou]","footnotes":""},"categories":[78,54],"tags":[],"class_list":["post-140187","post","type-post","status-publish","format-standard","hentry","category-economie","category-maroc"],"_links":{"self":[{"href":"https:\/\/linitiative.ca\/International\/wp-json\/wp\/v2\/posts\/140187","targetHints":{"allow":["GET"]}}],"collection":[{"href":"https:\/\/linitiative.ca\/International\/wp-json\/wp\/v2\/posts"}],"about":[{"href":"https:\/\/linitiative.ca\/International\/wp-json\/wp\/v2\/types\/post"}],"author":[{"embeddable":true,"href":"https:\/\/linitiative.ca\/International\/wp-json\/wp\/v2\/users\/1787"}],"replies":[{"embeddable":true,"href":"https:\/\/linitiative.ca\/International\/wp-json\/wp\/v2\/comments?post=140187"}],"version-history":[{"count":0,"href":"https:\/\/linitiative.ca\/International\/wp-json\/wp\/v2\/posts\/140187\/revisions"}],"wp:attachment":[{"href":"https:\/\/linitiative.ca\/International\/wp-json\/wp\/v2\/media?parent=140187"}],"wp:term":[{"taxonomy":"category","embeddable":true,"href":"https:\/\/linitiative.ca\/International\/wp-json\/wp\/v2\/categories?post=140187"},{"taxonomy":"post_tag","embeddable":true,"href":"https:\/\/linitiative.ca\/International\/wp-json\/wp\/v2\/tags?post=140187"}],"curies":[{"name":"wp","href":"https:\/\/api.w.org\/{rel}","templated":true}]}}