{"id":140193,"date":"2022-02-07T10:22:34","date_gmt":"2022-02-07T15:22:34","guid":{"rendered":"https:\/\/linitiative.ca\/International\/onmt-apres-la-france-la-promotion-du-renouveau-touristique-continue-a-londres\/"},"modified":"2022-02-07T10:22:34","modified_gmt":"2022-02-07T15:22:34","slug":"onmt-apres-la-france-la-promotion-du-renouveau-touristique-continue-a-londres","status":"publish","type":"post","link":"https:\/\/linitiative.ca\/International\/onmt-apres-la-france-la-promotion-du-renouveau-touristique-continue-a-londres\/","title":{"rendered":"ONMT. Apr\u00e8s la France, la promotion du renouveau touristique continue \u00e0 Londres"},"content":{"rendered":"<div><img decoding=\"async\" width=\"1000\" height=\"699\" src=\"https:\/\/linitiative.ca\/International\/wp-content\/uploads\/sites\/23\/2022\/02\/ttourisme-maroc.jpg\" class=\"attachment-post-thumbnail size-post-thumbnail wp-post-image\" alt=\"\" loading=\"lazy\" srcset=\"https:\/\/linitiative.ca\/International\/wp-content\/uploads\/sites\/23\/2022\/02\/ttourisme-maroc.jpg 1000w, https:\/\/www.challenge.ma\/wp-content\/uploads\/2022\/02\/ttourisme-maroc-300x210.jpg 300w, https:\/\/www.challenge.ma\/wp-content\/uploads\/2022\/02\/ttourisme-maroc-768x537.jpg 768w, https:\/\/www.challenge.ma\/wp-content\/uploads\/2022\/02\/ttourisme-maroc-360x252.jpg 360w, https:\/\/www.challenge.ma\/wp-content\/uploads\/2022\/02\/ttourisme-maroc-750x524.jpg 750w\" sizes=\"auto, (max-width: 1000px) 100vw, 1000px\" itemprop=\"image\">Le directeur g\u00e9n\u00e9ral de l\u2019ONMT, Adel El Fakir, a rencontr\u00e9 des repr\u00e9sentants de la compagnie a\u00e9rienne EasyJet ainsi que des professionnels de l\u2019Association des agences de voyage et des tour-op\u00e9rateurs britanniques. L\u2019office a annonc\u00e9 qu\u2019EasyJet a l\u2019intention de programmer des vols r\u00e9guliers vers le Maroc, \u00e0 partir de ce mois-ci.<\/div>\n<p>Auteur: Azeroual Siham<br \/>\n<a href=\"https:\/\/www.challenge.ma\/onmt-apres-la-france-la-promotion-du-renouveau-touristique-continue-a-londres-232178\/\">Cliquez ici pour lire l&rsquo;article depuis sa source.<\/a><\/p>\n","protected":false},"excerpt":{"rendered":"<p>Le directeur g\u00e9n\u00e9ral de l\u2019ONMT, Adel El Fakir, a rencontr\u00e9 des repr\u00e9sentants de la compagnie a\u00e9rienne EasyJet ainsi que des professionnels de l\u2019Association des agences de voyage et des tour-op\u00e9rateurs britanniques. L\u2019office a annonc\u00e9 qu\u2019EasyJet a l\u2019intention de programmer des vols r\u00e9guliers vers le Maroc, \u00e0 partir de ce mois-ci. Auteur: Azeroual Siham Cliquez ici [&hellip;]<\/p>\n","protected":false},"author":1787,"featured_media":0,"comment_status":"closed","ping_status":"closed","sticky":false,"template":"","format":"standard","meta":{"fifu_image_url":"https:\/\/www.challenge.ma\/wp-content\/uploads\/2022\/02\/ttourisme-maroc.jpg","fifu_image_alt":"ONMT. Apr\u00e8s la France, la promotion du renouveau touristique continue \u00e0 Londres","footnotes":""},"categories":[78,54],"tags":[],"class_list":["post-140193","post","type-post","status-publish","format-standard","hentry","category-economie","category-maroc"],"_links":{"self":[{"href":"https:\/\/linitiative.ca\/International\/wp-json\/wp\/v2\/posts\/140193","targetHints":{"allow":["GET"]}}],"collection":[{"href":"https:\/\/linitiative.ca\/International\/wp-json\/wp\/v2\/posts"}],"about":[{"href":"https:\/\/linitiative.ca\/International\/wp-json\/wp\/v2\/types\/post"}],"author":[{"embeddable":true,"href":"https:\/\/linitiative.ca\/International\/wp-json\/wp\/v2\/users\/1787"}],"replies":[{"embeddable":true,"href":"https:\/\/linitiative.ca\/International\/wp-json\/wp\/v2\/comments?post=140193"}],"version-history":[{"count":0,"href":"https:\/\/linitiative.ca\/International\/wp-json\/wp\/v2\/posts\/140193\/revisions"}],"wp:attachment":[{"href":"https:\/\/linitiative.ca\/International\/wp-json\/wp\/v2\/media?parent=140193"}],"wp:term":[{"taxonomy":"category","embeddable":true,"href":"https:\/\/linitiative.ca\/International\/wp-json\/wp\/v2\/categories?post=140193"},{"taxonomy":"post_tag","embeddable":true,"href":"https:\/\/linitiative.ca\/International\/wp-json\/wp\/v2\/tags?post=140193"}],"curies":[{"name":"wp","href":"https:\/\/api.w.org\/{rel}","templated":true}]}}