{"id":140197,"date":"2022-02-07T09:56:25","date_gmt":"2022-02-07T14:56:25","guid":{"rendered":"https:\/\/linitiative.ca\/International\/laeroport-marrakech-menara-accueille-ses-premiers-passagers\/"},"modified":"2022-02-07T09:56:25","modified_gmt":"2022-02-07T14:56:25","slug":"laeroport-marrakech-menara-accueille-ses-premiers-passagers","status":"publish","type":"post","link":"https:\/\/linitiative.ca\/International\/laeroport-marrakech-menara-accueille-ses-premiers-passagers\/","title":{"rendered":"L\u2019a\u00e9roport Marrakech-M\u00e9nara accueille ses premiers passagers"},"content":{"rendered":"<div>\n<div style=\"margin-bottom:20px;\"><img loading=\"lazy\" decoding=\"async\" width=\"750\" height=\"430\" src=\"https:\/\/linitiative.ca\/International\/wp-content\/uploads\/sites\/23\/2022\/02\/aC3A9roport-rC3A9ouverture-frontiC3A8res-acceuil-copier.jpg\" class=\"attachment-post-thumbnail size-post-thumbnail wp-post-image\" alt=\"\" srcset=\"https:\/\/linitiative.ca\/International\/wp-content\/uploads\/sites\/23\/2022\/02\/aC3A9roport-rC3A9ouverture-frontiC3A8res-acceuil-copier.jpg 750w, https:\/\/www.mapmarrakech.ma\/map\/uploads\/2022\/02\/a\u00e9roport-r\u00e9ouverture-fronti\u00e8res-acceuil-copier-300x172.jpg 300w\" sizes=\"auto, (max-width: 750px) 100vw, 750px\"><\/div>\n<p>Ainsi, l\u2019ensemble des passagers \u00e0 bord de ces deux a\u00e9ronefs : 115 voyageurs en provenance de Gen\u00e8ve et 119 en provenance de Nantes, ont \u00e9t\u00e9 accueillis dans d\u2019excellentes conditions et dans le respect le plus strict d\u2019une kyrielle de mesures sanitaires pr\u00e9ventives, mises en place par les autorit\u00e9s comp\u00e9tentes au niveau de cet a\u00e9roport, \u00e0 l\u2019instar d\u2019autres \u00e0 l\u2019\u00e9chelle nationale, afin de lutter contre la propagation de la pand\u00e9mie du nouveau coronavirus (Covid-19).<\/p>\n<p>Dans une ambiance empreinte de mobilisation, de sens \u00e9lev\u00e9 de responsabilit\u00e9 et surtout, de vigilance de la part de l\u2019ensemble des services concern\u00e9s, l\u2019arriv\u00e9e de ces passagers dont des Marocains R\u00e9sidents \u00e0 l\u2019Etranger (MRE), s\u2019est d\u00e9roul\u00e9e dans d\u2019excellentes conditions et de mani\u00e8re fluide lors de l\u2019accomplissement des diff\u00e9rentes proc\u00e9dures li\u00e9es au voyage, a constat\u00e9 sur place, une \u00e9quipe de M24, la chaine t\u00e9l\u00e9vis\u00e9e de l\u2019information en continu de la MAP.<\/p>\n<p>Des efforts inlassables sont d\u00e9ploy\u00e9s de mani\u00e8re continue, par l\u2019ensemble des services op\u00e9rant au sein de cet a\u00e9roport notamment, l\u2019Office National des A\u00e9roports (ONDA), le minist\u00e8re de la Sant\u00e9 et de la Protection Sociale via, sa direction r\u00e9gionale, et les autres services concern\u00e9s, afin que l\u2019arriv\u00e9e et le d\u00e9part de passagers se d\u00e9roulent en toute fluidit\u00e9 et dans d\u2019excellentes conditions.<\/p>\n<p>Dans un souci majeur de pr\u00e9server la sant\u00e9 des passagers, \u00e0 l\u2019arriv\u00e9e comme au d\u00e9part de l\u2019a\u00e9roport international Marrakech-M\u00e9nara, et les pr\u00e9venir contre une \u00e9ventuelle infection \u00e0 la Covid-19, une batterie de mesures pr\u00e9ventives pratiques a \u00e9t\u00e9 adopt\u00e9e, allant du marquage au sol pour garantir la fluidit\u00e9 de la mobilit\u00e9 et des proc\u00e9dures li\u00e9es au voyage, la mise en place de pancartes de sensibilisation des passagers sur les mesures pr\u00e9ventives \u00e0 observer, le respect de la distanciation physique, la mise en place de distributeurs de gel hydro-alcoolique, outre des op\u00e9rations de d\u00e9sinfection et st\u00e9rilisation r\u00e9guli\u00e8re des installations et des \u00e9quipements.<\/p>\n<p>Dans une d\u00e9claration \u00e0 M24, M. Belout Mohamed, m\u00e9decin responsable du service du contr\u00f4le sanitaire aux fronti\u00e8res \u00e0 l\u2019A\u00e9roport international de Marrakech-M\u00e9nara, a fait savoir que le service de sant\u00e9 au niveau de cette plateforme a\u00e9roportuaire proc\u00e8de au contr\u00f4le des \u00ab\u00a0Pass sanitaires\u00a0\u00bb et de la temp\u00e9rature de chaque passager, et effectue un test antig\u00e9nique pour l\u2019ensemble des passagers arriv\u00e9s \u00e0 l\u2019a\u00e9roport, ou encore des tests PCR de mani\u00e8re al\u00e9atoire.<\/p>\n<p>Le minist\u00e8re de la Sant\u00e9 et de la Protection Sociale a, de m\u00eame, am\u00e9nag\u00e9 un Centre de vaccination au niveau de cet a\u00e9roport afin de permettre aux personnes qui n\u2019ont pas encore achever le protocole vaccinal, de recevoir la troisi\u00e8me dose du vaccin anti-Covid, a-t-il poursuivi, notant qu\u2019un effort sera aussi d\u00e9ploy\u00e9 afin de sensibiliser les passagers \u00e0 ce qu\u2019ils soient vaccin\u00e9s.<\/p>\n<p>De son c\u00f4t\u00e9, M. Zakaria Harti, chef de la Division Exploitation (ONDA) \u00e0 l\u2019A\u00e9roport International Marrakech-M\u00e9nara, a fait savoir que l\u2019ONDA, en partenariat avec l\u2019ensemble des intervenants concern\u00e9s, a veill\u00e9 \u00e0 l\u2019adoption d\u2019une batterie de mesures notamment, l\u2019am\u00e9nagement de circuits pour accueillir les passagers dans d\u2019excellentes conditions, ainsi que d\u2019un espace pour la r\u00e9alisation des tests anti-Covid, outre la mobilisation d\u2019un staff pour accompagner et orienter les passagers lors des diff\u00e9rentes \u00e9tapes du transit.<\/p>\n<p>Apr\u00e8s avoir mis l\u2019accent sur les mesures pr\u00e9ventives anti-Covid, entre autres, le respect de la distanciation physique, la sensibilisation des passagers, et la mise en place de distributeurs de gel hydro-alcoolique dans diff\u00e9rentes d\u00e9pendances de l\u2019a\u00e9roport, il a estim\u00e9 que la reprise du trafic a\u00e9rien au niveau de cette structure a\u00e9roportuaire pourrait se faire de mani\u00e8re progressive avec une augmentation des passagers en fin de semaine.<\/p>\n<p>\u00ab\u00a0Il est attendu que le trafic a\u00e9rien au niveau de l\u2019a\u00e9roport international de Marrakech-M\u00e9nara s\u2019intensifie dans les semaines \u00e0 venir, alors que quelque 16 vols sont attendus ce lundi, soit entre 1.500 et 2.000 passagers\u00a0\u00bb, s\u2019est-il f\u00e9licit\u00e9.<\/p>\n<p>Nombre de touristes arriv\u00e9s \u00e0 l\u2019a\u00e9roport de Marrakech-M\u00e9nara ont fait part, de leur c\u00f4t\u00e9, de leur joie d\u2019\u00eatre au Maroc, un voyage tant attendu, se disant rassur\u00e9s quant au dispositif pr\u00e9ventif mis en place pour assurer leur s\u00e9curit\u00e9 sanitaire.<\/p>\n<p>\u00ab\u00a0Nous remercions les autorit\u00e9s marocaines pour toutes cette mobilisation et pour tout l\u2019effort d\u00e9ploy\u00e9 afin de mieux g\u00e9rer cette crise pand\u00e9mique\u00a0\u00bb, ont-ils ajout\u00e9.<\/p>\n<p>A rappeler que le gouvernement avait annonc\u00e9 le 1er f\u00e9vrier courant une s\u00e9rie de mesures et de dispositions, \u00e0 partir du 7 f\u00e9vrier, pour garantir une mise en \u0153uvre efficace de sa d\u00e9cision portant sur la r\u00e9ouverture des fronti\u00e8res aux vols en provenance et \u00e0 destination du Royaume.<\/p>\n<p>Prises conform\u00e9ment aux dispositions juridiques relatives \u00e0 la gestion de l\u2019\u00e9tat d\u2019urgence sanitaire et sur la base des recommandations de la Commission technique cr\u00e9\u00e9e \u00e0 cette fin, ces mesures portent notamment sur l\u2019obligation de pr\u00e9senter le Pass vaccinal et le r\u00e9sultat n\u00e9gatif d\u2019un test PCR de moins de 48 H avant d\u2019embarquer \u00e0 bord de l\u2019avion pour tous les voyageurs d\u00e9sirant acc\u00e9der au territoire national, et la r\u00e9alisation de tests rapides pour les passagers d\u00e8s leur arriv\u00e9e aux a\u00e9roports du Royaume.<\/p>\n<p>Elles concernant de m\u00eame, la r\u00e9alisation de tests PCR pour des groupes de voyageurs de mani\u00e8re al\u00e9atoire d\u00e8s leur arriv\u00e9e, la possibilit\u00e9 d\u2019effectuer un test suppl\u00e9mentaire \u00e0 l\u2019h\u00f4tel ou au centre de r\u00e9sidence pour les touristes, apr\u00e8s 48 heures de leur entr\u00e9e au territoire national et la mise en place de mesures sp\u00e9ciales pour les cas positifs.<\/p>\n<p>The post <a rel=\"nofollow\" href=\"https:\/\/www.mapmarrakech.ma\/fr\/laeroport-marrakech-menara-accueille-ses-premiers-passagers\/\">L\u2019a\u00e9roport Marrakech-M\u00e9nara accueille ses premiers passagers<\/a> appeared first on <a rel=\"nofollow\" href=\"https:\/\/www.mapmarrakech.ma\/fr\">MapMarrakech<\/a>.<\/p>\n<\/div>\n<p>Auteur: Meriem IGASS<br \/>\n<a href=\"https:\/\/www.mapmarrakech.ma\/fr\/laeroport-marrakech-menara-accueille-ses-premiers-passagers\/\">Cliquez ici pour lire l&rsquo;article depuis sa source.<\/a><\/p>\n","protected":false},"excerpt":{"rendered":"<p>Ainsi, l\u2019ensemble des passagers \u00e0 bord de ces deux a\u00e9ronefs : 115 voyageurs en provenance de Gen\u00e8ve et 119 en provenance de Nantes, ont \u00e9t\u00e9 accueillis dans d\u2019excellentes conditions et dans le respect le plus strict d\u2019une kyrielle de mesures sanitaires pr\u00e9ventives, mises en place par les autorit\u00e9s comp\u00e9tentes au niveau de cet a\u00e9roport, \u00e0 [&hellip;]<\/p>\n","protected":false},"author":1788,"featured_media":0,"comment_status":"closed","ping_status":"closed","sticky":false,"template":"","format":"standard","meta":{"fifu_image_url":"https:\/\/www.mapmarrakech.ma\/map\/uploads\/2022\/02\/a\u00e9roport-r\u00e9ouverture-fronti\u00e8res-acceuil-copier.jpg","fifu_image_alt":"L\u2019a\u00e9roport Marrakech-M\u00e9nara accueille ses premiers passagers","footnotes":""},"categories":[54,76],"tags":[],"class_list":["post-140197","post","type-post","status-publish","format-standard","hentry","category-maroc","category-regions"],"_links":{"self":[{"href":"https:\/\/linitiative.ca\/International\/wp-json\/wp\/v2\/posts\/140197","targetHints":{"allow":["GET"]}}],"collection":[{"href":"https:\/\/linitiative.ca\/International\/wp-json\/wp\/v2\/posts"}],"about":[{"href":"https:\/\/linitiative.ca\/International\/wp-json\/wp\/v2\/types\/post"}],"author":[{"embeddable":true,"href":"https:\/\/linitiative.ca\/International\/wp-json\/wp\/v2\/users\/1788"}],"replies":[{"embeddable":true,"href":"https:\/\/linitiative.ca\/International\/wp-json\/wp\/v2\/comments?post=140197"}],"version-history":[{"count":0,"href":"https:\/\/linitiative.ca\/International\/wp-json\/wp\/v2\/posts\/140197\/revisions"}],"wp:attachment":[{"href":"https:\/\/linitiative.ca\/International\/wp-json\/wp\/v2\/media?parent=140197"}],"wp:term":[{"taxonomy":"category","embeddable":true,"href":"https:\/\/linitiative.ca\/International\/wp-json\/wp\/v2\/categories?post=140197"},{"taxonomy":"post_tag","embeddable":true,"href":"https:\/\/linitiative.ca\/International\/wp-json\/wp\/v2\/tags?post=140197"}],"curies":[{"name":"wp","href":"https:\/\/api.w.org\/{rel}","templated":true}]}}