{"id":140199,"date":"2022-02-07T12:09:02","date_gmt":"2022-02-07T17:09:02","guid":{"rendered":"https:\/\/linitiative.ca\/International\/previsions-meteorologiques-pour-le-mardi-08-fevrier-2022\/"},"modified":"2022-02-07T12:09:02","modified_gmt":"2022-02-07T17:09:02","slug":"previsions-meteorologiques-pour-le-mardi-08-fevrier-2022","status":"publish","type":"post","link":"https:\/\/linitiative.ca\/International\/previsions-meteorologiques-pour-le-mardi-08-fevrier-2022\/","title":{"rendered":"Pr\u00e9visions m\u00e9t\u00e9orologiques pour le mardi 08 f\u00e9vrier 2022"},"content":{"rendered":"<div>\n<div style=\"margin-bottom:20px;\"><img loading=\"lazy\" decoding=\"async\" width=\"750\" height=\"430\" src=\"https:\/\/linitiative.ca\/International\/wp-content\/uploads\/sites\/23\/2022\/02\/mC3A9tC3A9o.jpg\" class=\"attachment-post-thumbnail size-post-thumbnail wp-post-image\" alt=\"\" srcset=\"https:\/\/linitiative.ca\/International\/wp-content\/uploads\/sites\/23\/2022\/02\/mC3A9tC3A9o.jpg 750w, https:\/\/www.mapmarrakech.ma\/map\/uploads\/2022\/02\/m\u00e9t\u00e9o-300x172.jpg 300w\" sizes=\"auto, (max-width: 750px) 100vw, 750px\"><\/div>\n<p>\u2013 Temps assez froid sur les reliefs, l\u2019Oriental et le Sud-Est.<\/p>\n<p>\u2013 Quelques gouttes de pluies \u00e9parses sur la M\u00e9diterran\u00e9e, le Rif, le Haut et le Moyen Atlas et les plateaux de Phosphates.<\/p>\n<p>\u2013 Bruine locale sur l\u2019Ouest de la M\u00e9diterran\u00e9e.<\/p>\n<p>\u2013 Quelques flocons de neige sur les sommets du Haut Atlas.<\/p>\n<p>\u2013 Rafales de vent assez fortes sur le Tang\u00e9rois et le Nord des provinces Sud.<\/p>\n<p>\u2013 Chasse-poussi\u00e8res sur les provinces Sud.<\/p>\n<p>\u2013 Temp\u00e9ratures minimales de l\u2019ordre de -01\/05\u00b0C sur l\u2019Atlas, 04\/10\u00b0C sur les Hauts plateaux orientaux, le Rif, les plateaux de phosphates et Oulm\u00e8s, le Saiss et le Sud-Est, 15\/20\u00b0C sur les c\u00f4tes Centre et les provinces Sud et de 10\/15\u00b0C ailleurs.<\/p>\n<p>\u2013 Temp\u00e9ratures du jour quasi-stationnaires.<\/p>\n<p>\u2013 Mer peu agit\u00e9e \u00e0 agit\u00e9e en M\u00e9diterran\u00e9e, agit\u00e9e \u00e0 forte sur le d\u00e9troit et entre Mehdia et Tarfaya, peu agit\u00e9e \u00e0 agit\u00e9e ailleurs.<\/p>\n<p>The post <a rel=\"nofollow\" href=\"https:\/\/www.mapmarrakech.ma\/fr\/previsions-meteorologiques-pour-le-mardi-08-fevrier-2022\/\">Pr\u00e9visions m\u00e9t\u00e9orologiques pour le mardi 08 f\u00e9vrier 2022<\/a> appeared first on <a rel=\"nofollow\" href=\"https:\/\/www.mapmarrakech.ma\/fr\">MapMarrakech<\/a>.<\/p>\n<\/div>\n<p>Auteur: Meriem IGASS<br \/>\n<a href=\"https:\/\/www.mapmarrakech.ma\/fr\/previsions-meteorologiques-pour-le-mardi-08-fevrier-2022\/\">Cliquez ici pour lire l&rsquo;article depuis sa source.<\/a><\/p>\n","protected":false},"excerpt":{"rendered":"<p>\u2013 Temps assez froid sur les reliefs, l\u2019Oriental et le Sud-Est. \u2013 Quelques gouttes de pluies \u00e9parses sur la M\u00e9diterran\u00e9e, le Rif, le Haut et le Moyen Atlas et les plateaux de Phosphates. \u2013 Bruine locale sur l\u2019Ouest de la M\u00e9diterran\u00e9e. \u2013 Quelques flocons de neige sur les sommets du Haut Atlas. \u2013 Rafales de [&hellip;]<\/p>\n","protected":false},"author":1788,"featured_media":0,"comment_status":"closed","ping_status":"closed","sticky":false,"template":"","format":"standard","meta":{"fifu_image_url":"https:\/\/www.mapmarrakech.ma\/map\/uploads\/2022\/02\/m\u00e9t\u00e9o.jpg","fifu_image_alt":"Pr\u00e9visions m\u00e9t\u00e9orologiques pour le mardi 08 f\u00e9vrier 2022","footnotes":""},"categories":[54,76],"tags":[],"class_list":["post-140199","post","type-post","status-publish","format-standard","hentry","category-maroc","category-regions"],"_links":{"self":[{"href":"https:\/\/linitiative.ca\/International\/wp-json\/wp\/v2\/posts\/140199","targetHints":{"allow":["GET"]}}],"collection":[{"href":"https:\/\/linitiative.ca\/International\/wp-json\/wp\/v2\/posts"}],"about":[{"href":"https:\/\/linitiative.ca\/International\/wp-json\/wp\/v2\/types\/post"}],"author":[{"embeddable":true,"href":"https:\/\/linitiative.ca\/International\/wp-json\/wp\/v2\/users\/1788"}],"replies":[{"embeddable":true,"href":"https:\/\/linitiative.ca\/International\/wp-json\/wp\/v2\/comments?post=140199"}],"version-history":[{"count":0,"href":"https:\/\/linitiative.ca\/International\/wp-json\/wp\/v2\/posts\/140199\/revisions"}],"wp:attachment":[{"href":"https:\/\/linitiative.ca\/International\/wp-json\/wp\/v2\/media?parent=140199"}],"wp:term":[{"taxonomy":"category","embeddable":true,"href":"https:\/\/linitiative.ca\/International\/wp-json\/wp\/v2\/categories?post=140199"},{"taxonomy":"post_tag","embeddable":true,"href":"https:\/\/linitiative.ca\/International\/wp-json\/wp\/v2\/tags?post=140199"}],"curies":[{"name":"wp","href":"https:\/\/api.w.org\/{rel}","templated":true}]}}