{"id":140201,"date":"2022-02-07T14:02:25","date_gmt":"2022-02-07T19:02:25","guid":{"rendered":"https:\/\/linitiative.ca\/International\/721-cas-plus-de-479-millions-de-personnes-ont-recu-trois-doses\/"},"modified":"2022-02-07T14:02:25","modified_gmt":"2022-02-07T19:02:25","slug":"721-cas-plus-de-479-millions-de-personnes-ont-recu-trois-doses","status":"publish","type":"post","link":"https:\/\/linitiative.ca\/International\/721-cas-plus-de-479-millions-de-personnes-ont-recu-trois-doses\/","title":{"rendered":"721 cas, plus de 4,79 millions de personnes ont re\u00e7u trois doses"},"content":{"rendered":"<div>\n<div style=\"margin-bottom:20px;\"><img loading=\"lazy\" decoding=\"async\" width=\"750\" height=\"430\" src=\"https:\/\/linitiative.ca\/International\/wp-content\/uploads\/sites\/23\/2022\/02\/cov-fr-2.jpg\" class=\"attachment-post-thumbnail size-post-thumbnail wp-post-image\" alt=\"\" srcset=\"https:\/\/linitiative.ca\/International\/wp-content\/uploads\/sites\/23\/2022\/02\/cov-fr-2.jpg 750w, https:\/\/www.mapmarrakech.ma\/map\/uploads\/2022\/02\/cov-fr-2-300x172.jpg 300w\" sizes=\"auto, (max-width: 750px) 100vw, 750px\"><\/div>\n<p align=\"justify\">Dans son bulletin quotidien sur la situation \u00e9pid\u00e9miologique, le minist\u00e8re a pr\u00e9cis\u00e9 que le nombre de primo-vaccin\u00e9s a atteint 24.681.410, celui des personnes ayant re\u00e7u deux doses s\u2019\u00e9l\u00e8ve \u00e0 23.110.052, alors que 4.793.724 personnes ont eu trois injections.<\/p>\n<p align=\"justify\">Le nouveau bilan d\u2019infections porte \u00e0 1.147.964 le nombre total des contaminations depuis le premier cas signal\u00e9 au Maroc en mars 2020, tandis que le nombre des personnes r\u00e9tablies est pass\u00e9 \u00e0 1.106.802 , soit un taux de gu\u00e9rison de 96,4%.<\/p>\n<p align=\"justify\">Les nouveaux cas ont \u00e9t\u00e9 enregistr\u00e9s dans les r\u00e9gions de Rabat-Sal\u00e9-K\u00e9nitra (169), F\u00e8s-Mekn\u00e8s (153), l\u2019Oriental (152), Casablanca-Settat (93), Souss-Massa (48), Beni Mellal-Kh\u00e9nifra (29), Marrakech-Safi (28), Tanger-T\u00e9touan-Al Hoceima (27), Dr\u00e2a-Tafilalet (9), Dakhla-Oued Eddahab (8) et La\u00e2youne-Sakia El Hamra (5).<\/p>\n<p align=\"justify\">Le nombre total des d\u00e9c\u00e8s est pass\u00e9 \u00e0 15.617 (l\u00e9talit\u00e9 1,4%), avec 24 nouveaux cas enregistr\u00e9s dans les r\u00e9gions de Rabat-Sal\u00e9-K\u00e9nitra (7), Marrakech-Safi (4), Tanger-T\u00e9touan-Al Hoceima (3), Casablanca-Settat (2), Souss-Massa (2), Beni Mellal-Kh\u00e9nifra (2), Dakhla-Oued Eddahab (2), F\u00e8s-Mekn\u00e8s (1) et l\u2019Oriental (1).<\/p>\n<p align=\"justify\">Les cas actifs sont au nombre de 25.545, alors que 71 nouveaux cas s\u00e9v\u00e8res ou critiques ont \u00e9t\u00e9 enregistr\u00e9s en 24 heures pour un total de 637, dont 20 sous intubation. Quant au taux d\u2019occupation des lits de r\u00e9animation, il se situe \u00e0 12,1%.<\/p>\n<p>The post <a rel=\"nofollow\" href=\"https:\/\/www.mapmarrakech.ma\/fr\/721-cas-plus-de-479-millions-de-personnes-ont-recu-trois-doses\/\">721 cas, plus de 4,79 millions de personnes ont re\u00e7u trois doses<\/a> appeared first on <a rel=\"nofollow\" href=\"https:\/\/www.mapmarrakech.ma\/fr\">MapMarrakech<\/a>.<\/p>\n<\/div>\n<p>Auteur: Meriem IGASS<br \/>\n<a href=\"https:\/\/www.mapmarrakech.ma\/fr\/721-cas-plus-de-479-millions-de-personnes-ont-recu-trois-doses\/\">Cliquez ici pour lire l&rsquo;article depuis sa source.<\/a><\/p>\n","protected":false},"excerpt":{"rendered":"<p>Dans son bulletin quotidien sur la situation \u00e9pid\u00e9miologique, le minist\u00e8re a pr\u00e9cis\u00e9 que le nombre de primo-vaccin\u00e9s a atteint 24.681.410, celui des personnes ayant re\u00e7u deux doses s\u2019\u00e9l\u00e8ve \u00e0 23.110.052, alors que 4.793.724 personnes ont eu trois injections. Le nouveau bilan d\u2019infections porte \u00e0 1.147.964 le nombre total des contaminations depuis le premier cas signal\u00e9 [&hellip;]<\/p>\n","protected":false},"author":1788,"featured_media":0,"comment_status":"closed","ping_status":"closed","sticky":false,"template":"","format":"standard","meta":{"fifu_image_url":"https:\/\/www.mapmarrakech.ma\/map\/uploads\/2022\/02\/cov-fr-2.jpg","fifu_image_alt":"721 cas, plus de 4,79 millions de personnes ont re\u00e7u trois doses","footnotes":""},"categories":[54,76],"tags":[],"class_list":["post-140201","post","type-post","status-publish","format-standard","hentry","category-maroc","category-regions"],"_links":{"self":[{"href":"https:\/\/linitiative.ca\/International\/wp-json\/wp\/v2\/posts\/140201","targetHints":{"allow":["GET"]}}],"collection":[{"href":"https:\/\/linitiative.ca\/International\/wp-json\/wp\/v2\/posts"}],"about":[{"href":"https:\/\/linitiative.ca\/International\/wp-json\/wp\/v2\/types\/post"}],"author":[{"embeddable":true,"href":"https:\/\/linitiative.ca\/International\/wp-json\/wp\/v2\/users\/1788"}],"replies":[{"embeddable":true,"href":"https:\/\/linitiative.ca\/International\/wp-json\/wp\/v2\/comments?post=140201"}],"version-history":[{"count":0,"href":"https:\/\/linitiative.ca\/International\/wp-json\/wp\/v2\/posts\/140201\/revisions"}],"wp:attachment":[{"href":"https:\/\/linitiative.ca\/International\/wp-json\/wp\/v2\/media?parent=140201"}],"wp:term":[{"taxonomy":"category","embeddable":true,"href":"https:\/\/linitiative.ca\/International\/wp-json\/wp\/v2\/categories?post=140201"},{"taxonomy":"post_tag","embeddable":true,"href":"https:\/\/linitiative.ca\/International\/wp-json\/wp\/v2\/tags?post=140201"}],"curies":[{"name":"wp","href":"https:\/\/api.w.org\/{rel}","templated":true}]}}