{"id":140210,"date":"2022-02-07T13:53:18","date_gmt":"2022-02-07T18:53:18","guid":{"rendered":"https:\/\/linitiative.ca\/International\/tunisie-le-pouvoir-judiciaire-et-le-monopole-au-coeur-de-la-rencontre-entre-kais-saied-et-bouden\/"},"modified":"2022-02-07T13:53:18","modified_gmt":"2022-02-07T18:53:18","slug":"tunisie-le-pouvoir-judiciaire-et-le-monopole-au-coeur-de-la-rencontre-entre-kais-saied-et-bouden","status":"publish","type":"post","link":"https:\/\/linitiative.ca\/International\/tunisie-le-pouvoir-judiciaire-et-le-monopole-au-coeur-de-la-rencontre-entre-kais-saied-et-bouden\/","title":{"rendered":"Tunisie : Le pouvoir judiciaire et le monopole, au c\u0153ur de la rencontre entre Kais Saied et Bouden"},"content":{"rendered":"<div>\n<p>Le Pr\u00e9sident de la R\u00e9publique, Kais Saied a re\u00e7u aujourd\u2019hui, lundi 7 f\u00e9vrier 2022, au Palais de Carthage, la Cheffe du gouvernement, Mme. Najla Bouden. La r\u00e9union a port\u00e9 sur les points \u00e0 l\u2019ordre du jour du prochain cabinet, ainsi que sur les dossiers de la justice, les voies de distribution. Elle a port\u00e9 \u00e9galement [\u2026]<\/p>\n<p>L\u2019article <a href=\"https:\/\/www.tunisienumerique.com\/tunisie-le-pouvoir-judiciaire-et-le-monopole-au-coeur-de-la-rencontre-entre-kais-saied-et-bouden\/\">Tunisie : Le pouvoir judiciaire et le monopole, au c\u0153ur de la rencontre entre Kais Saied et Bouden<\/a> est apparu en premier sur <a href=\"https:\/\/www.tunisienumerique.com\/\">Tunisie<\/a>.<\/p>\n<\/div>\n<p>Auteur: rania ben slimane<br \/>\n<a href=\"https:\/\/www.tunisienumerique.com\/tunisie-le-pouvoir-judiciaire-et-le-monopole-au-coeur-de-la-rencontre-entre-kais-saied-et-bouden\/\">Cliquez ici pour lire l&rsquo;article depuis sa source.<\/a><\/p>\n","protected":false},"excerpt":{"rendered":"<p>Le Pr\u00e9sident de la R\u00e9publique, Kais Saied a re\u00e7u aujourd\u2019hui, lundi 7 f\u00e9vrier 2022, au Palais de Carthage, la Cheffe du gouvernement, Mme. Najla Bouden. La r\u00e9union a port\u00e9 sur les points \u00e0 l\u2019ordre du jour du prochain cabinet, ainsi que sur les dossiers de la justice, les voies de distribution. Elle a port\u00e9 \u00e9galement [&hellip;]<\/p>\n","protected":false},"author":1789,"featured_media":0,"comment_status":"closed","ping_status":"closed","sticky":false,"template":"","format":"standard","meta":{"fifu_image_url":"","fifu_image_alt":"","footnotes":""},"categories":[73,55],"tags":[],"class_list":["post-140210","post","type-post","status-publish","format-standard","hentry","category-actualite","category-tunisie"],"_links":{"self":[{"href":"https:\/\/linitiative.ca\/International\/wp-json\/wp\/v2\/posts\/140210","targetHints":{"allow":["GET"]}}],"collection":[{"href":"https:\/\/linitiative.ca\/International\/wp-json\/wp\/v2\/posts"}],"about":[{"href":"https:\/\/linitiative.ca\/International\/wp-json\/wp\/v2\/types\/post"}],"author":[{"embeddable":true,"href":"https:\/\/linitiative.ca\/International\/wp-json\/wp\/v2\/users\/1789"}],"replies":[{"embeddable":true,"href":"https:\/\/linitiative.ca\/International\/wp-json\/wp\/v2\/comments?post=140210"}],"version-history":[{"count":0,"href":"https:\/\/linitiative.ca\/International\/wp-json\/wp\/v2\/posts\/140210\/revisions"}],"wp:attachment":[{"href":"https:\/\/linitiative.ca\/International\/wp-json\/wp\/v2\/media?parent=140210"}],"wp:term":[{"taxonomy":"category","embeddable":true,"href":"https:\/\/linitiative.ca\/International\/wp-json\/wp\/v2\/categories?post=140210"},{"taxonomy":"post_tag","embeddable":true,"href":"https:\/\/linitiative.ca\/International\/wp-json\/wp\/v2\/tags?post=140210"}],"curies":[{"name":"wp","href":"https:\/\/api.w.org\/{rel}","templated":true}]}}