{"id":140211,"date":"2022-02-07T13:59:33","date_gmt":"2022-02-07T18:59:33","guid":{"rendered":"https:\/\/linitiative.ca\/International\/tunisie-brahim-bouderbela-saied-peut-diriger-le-csm-et-nous-sommes-avec-tous-ceux-qui-ont-de-linfluence-et-qui-veulent-reformer-le-pays\/"},"modified":"2022-02-07T13:59:33","modified_gmt":"2022-02-07T18:59:33","slug":"tunisie-brahim-bouderbela-saied-peut-diriger-le-csm-et-nous-sommes-avec-tous-ceux-qui-ont-de-linfluence-et-qui-veulent-reformer-le-pays","status":"publish","type":"post","link":"https:\/\/linitiative.ca\/International\/tunisie-brahim-bouderbela-saied-peut-diriger-le-csm-et-nous-sommes-avec-tous-ceux-qui-ont-de-linfluence-et-qui-veulent-reformer-le-pays\/","title":{"rendered":"Tunisie-Brahim Bouderbela : \u00ab Saied peut diriger le CSM, et nous sommes avec tous ceux qui ont de l\u2019influence et qui veulent r\u00e9former le pays \u00bb"},"content":{"rendered":"<div>\n<p>Le B\u00e2tonnier, Brahim Bouderbela a confirm\u00e9 aujourd\u2019hui, lundi, que le pr\u00e9sident de la R\u00e9publique, Kais Saied peut pr\u00e9sider le Conseil Sup\u00e9rieur de la Magistrature, comme c\u2019est le cas en France, et que l\u2019ind\u00e9pendance des juges ne peut \u00eatre li\u00e9e \u00e0 la composition du Conseil. Il a soulign\u00e9 que la performance du conseil n\u2019\u00e9tait pas bonne [\u2026]<\/p>\n<p>L\u2019article <a href=\"https:\/\/www.tunisienumerique.com\/tunisie-brahim-bouderbela-saied-peut-diriger-le-csm-et-nous-sommes-avec-tous-ceux-qui-ont-de-linfluence-et-qui-veulent-reformer-le-pays\/\">Tunisie-Brahim Bouderbela : \u00ab Saied peut diriger le CSM, et nous sommes avec tous ceux qui ont de l\u2019influence et qui veulent r\u00e9former le pays \u00bb<\/a> est apparu en premier sur <a href=\"https:\/\/www.tunisienumerique.com\/\">Tunisie<\/a>.<\/p>\n<\/div>\n<p>Auteur: rania ben slimane<br \/>\n<a href=\"https:\/\/www.tunisienumerique.com\/tunisie-brahim-bouderbela-saied-peut-diriger-le-csm-et-nous-sommes-avec-tous-ceux-qui-ont-de-linfluence-et-qui-veulent-reformer-le-pays\/\">Cliquez ici pour lire l&rsquo;article depuis sa source.<\/a><\/p>\n","protected":false},"excerpt":{"rendered":"<p>Le B\u00e2tonnier, Brahim Bouderbela a confirm\u00e9 aujourd\u2019hui, lundi, que le pr\u00e9sident de la R\u00e9publique, Kais Saied peut pr\u00e9sider le Conseil Sup\u00e9rieur de la Magistrature, comme c\u2019est le cas en France, et que l\u2019ind\u00e9pendance des juges ne peut \u00eatre li\u00e9e \u00e0 la composition du Conseil. Il a soulign\u00e9 que la performance du conseil n\u2019\u00e9tait pas bonne [&hellip;]<\/p>\n","protected":false},"author":1789,"featured_media":0,"comment_status":"closed","ping_status":"closed","sticky":false,"template":"","format":"standard","meta":{"fifu_image_url":"","fifu_image_alt":"","footnotes":""},"categories":[73,55],"tags":[],"class_list":["post-140211","post","type-post","status-publish","format-standard","hentry","category-actualite","category-tunisie"],"_links":{"self":[{"href":"https:\/\/linitiative.ca\/International\/wp-json\/wp\/v2\/posts\/140211","targetHints":{"allow":["GET"]}}],"collection":[{"href":"https:\/\/linitiative.ca\/International\/wp-json\/wp\/v2\/posts"}],"about":[{"href":"https:\/\/linitiative.ca\/International\/wp-json\/wp\/v2\/types\/post"}],"author":[{"embeddable":true,"href":"https:\/\/linitiative.ca\/International\/wp-json\/wp\/v2\/users\/1789"}],"replies":[{"embeddable":true,"href":"https:\/\/linitiative.ca\/International\/wp-json\/wp\/v2\/comments?post=140211"}],"version-history":[{"count":0,"href":"https:\/\/linitiative.ca\/International\/wp-json\/wp\/v2\/posts\/140211\/revisions"}],"wp:attachment":[{"href":"https:\/\/linitiative.ca\/International\/wp-json\/wp\/v2\/media?parent=140211"}],"wp:term":[{"taxonomy":"category","embeddable":true,"href":"https:\/\/linitiative.ca\/International\/wp-json\/wp\/v2\/categories?post=140211"},{"taxonomy":"post_tag","embeddable":true,"href":"https:\/\/linitiative.ca\/International\/wp-json\/wp\/v2\/tags?post=140211"}],"curies":[{"name":"wp","href":"https:\/\/api.w.org\/{rel}","templated":true}]}}