{"id":140212,"date":"2022-02-07T14:13:27","date_gmt":"2022-02-07T19:13:27","guid":{"rendered":"https:\/\/linitiative.ca\/International\/tunisie-bochra-belhaj-hmida-a-brahim-bouderbala-vous-voulez-purger-la-justice-commence-par-le-metier-davocat\/"},"modified":"2022-02-07T14:13:27","modified_gmt":"2022-02-07T19:13:27","slug":"tunisie-bochra-belhaj-hmida-a-brahim-bouderbala-vous-voulez-purger-la-justice-commence-par-le-metier-davocat","status":"publish","type":"post","link":"https:\/\/linitiative.ca\/International\/tunisie-bochra-belhaj-hmida-a-brahim-bouderbala-vous-voulez-purger-la-justice-commence-par-le-metier-davocat\/","title":{"rendered":"Tunisie-Bochra Belhaj Hmida \u00e0 Brahim Bouderbala : \u00ab Vous voulez purger la justice ? Commence par le m\u00e9tier d\u2019avocat!\u201d"},"content":{"rendered":"<div>\n<p>La militante politique Bochra Belhaj Hmida a comment\u00e9 ce lundi 07 f\u00e9vrier 2022, la position du b\u00e2tonnier, Brahim Bouderbela sur la d\u00e9cision du pr\u00e9sident de la R\u00e9publique, Kais Saied, portant dissolution du CSM. En effet, Bouderbela a adh\u00e9r\u00e9 \u00e0 cette d\u00e9cision et a exprim\u00e9 son soutien \u00e0 toute initiative de r\u00e9forme du pouvoir judiciaire. \u00ab [\u2026]<\/p>\n<p>L\u2019article <a href=\"https:\/\/www.tunisienumerique.com\/tunisie-bochra-belhaj-hmida-a-brahim-bouderbala-vous-voulez-purger-la-justice-commence-par-le-metier-davocat\/\">Tunisie-Bochra Belhaj Hmida \u00e0 Brahim Bouderbala : \u00ab Vous voulez purger la justice ? Commence par le m\u00e9tier d\u2019avocat!\u201d<\/a> est apparu en premier sur <a href=\"https:\/\/www.tunisienumerique.com\/\">Tunisie<\/a>.<\/p>\n<\/div>\n<p>Auteur: rania ben slimane<br \/>\n<a href=\"https:\/\/www.tunisienumerique.com\/tunisie-bochra-belhaj-hmida-a-brahim-bouderbala-vous-voulez-purger-la-justice-commence-par-le-metier-davocat\/\">Cliquez ici pour lire l&rsquo;article depuis sa source.<\/a><\/p>\n","protected":false},"excerpt":{"rendered":"<p>La militante politique Bochra Belhaj Hmida a comment\u00e9 ce lundi 07 f\u00e9vrier 2022, la position du b\u00e2tonnier, Brahim Bouderbela sur la d\u00e9cision du pr\u00e9sident de la R\u00e9publique, Kais Saied, portant dissolution du CSM. En effet, Bouderbela a adh\u00e9r\u00e9 \u00e0 cette d\u00e9cision et a exprim\u00e9 son soutien \u00e0 toute initiative de r\u00e9forme du pouvoir judiciaire. \u00ab [&hellip;]<\/p>\n","protected":false},"author":1789,"featured_media":0,"comment_status":"closed","ping_status":"closed","sticky":false,"template":"","format":"standard","meta":{"fifu_image_url":"","fifu_image_alt":"","footnotes":""},"categories":[73,55],"tags":[],"class_list":["post-140212","post","type-post","status-publish","format-standard","hentry","category-actualite","category-tunisie"],"_links":{"self":[{"href":"https:\/\/linitiative.ca\/International\/wp-json\/wp\/v2\/posts\/140212","targetHints":{"allow":["GET"]}}],"collection":[{"href":"https:\/\/linitiative.ca\/International\/wp-json\/wp\/v2\/posts"}],"about":[{"href":"https:\/\/linitiative.ca\/International\/wp-json\/wp\/v2\/types\/post"}],"author":[{"embeddable":true,"href":"https:\/\/linitiative.ca\/International\/wp-json\/wp\/v2\/users\/1789"}],"replies":[{"embeddable":true,"href":"https:\/\/linitiative.ca\/International\/wp-json\/wp\/v2\/comments?post=140212"}],"version-history":[{"count":0,"href":"https:\/\/linitiative.ca\/International\/wp-json\/wp\/v2\/posts\/140212\/revisions"}],"wp:attachment":[{"href":"https:\/\/linitiative.ca\/International\/wp-json\/wp\/v2\/media?parent=140212"}],"wp:term":[{"taxonomy":"category","embeddable":true,"href":"https:\/\/linitiative.ca\/International\/wp-json\/wp\/v2\/categories?post=140212"},{"taxonomy":"post_tag","embeddable":true,"href":"https:\/\/linitiative.ca\/International\/wp-json\/wp\/v2\/tags?post=140212"}],"curies":[{"name":"wp","href":"https:\/\/api.w.org\/{rel}","templated":true}]}}