{"id":140213,"date":"2022-02-07T14:13:50","date_gmt":"2022-02-07T19:13:50","guid":{"rendered":"https:\/\/linitiative.ca\/International\/tunisie-la-realite-sur-lassassinat-de-chokry-belaid-au-centre-dun-entretien-entre-saied-et-salah-belaid\/"},"modified":"2022-02-07T14:13:50","modified_gmt":"2022-02-07T19:13:50","slug":"tunisie-la-realite-sur-lassassinat-de-chokry-belaid-au-centre-dun-entretien-entre-saied-et-salah-belaid","status":"publish","type":"post","link":"https:\/\/linitiative.ca\/International\/tunisie-la-realite-sur-lassassinat-de-chokry-belaid-au-centre-dun-entretien-entre-saied-et-salah-belaid\/","title":{"rendered":"Tunisie \u2013 La r\u00e9alit\u00e9 sur l\u2019assassinat de Chokry B\u00e9la\u00efd au centre d\u2019un entretien entre Sa\u00efed et Salah Bela\u00efd"},"content":{"rendered":"<div>\n<p>Le pr\u00e9sident de la R\u00e9publique, Ka\u00efs Sa\u00efed, s\u2019est entretenu ce lundi, au palais de Carthage avec Salah B\u00e9la\u00efd, le p\u00e8re du martyr Chokri Bela\u00efd, qui \u00e9tait accompagn\u00e9 de son fils, Abdelmajid. L\u2019entretien a tourn\u00e9 autour de la n\u00e9cessit\u00e9 de d\u00e9voiler la v\u00e9rit\u00e9 \u00e0 propos de l\u2019assassinat de Chokri B\u00e9la\u00efd, et d\u2019appliquer la loi sur tous [\u2026]<\/p>\n<p>L\u2019article <a href=\"https:\/\/www.tunisienumerique.com\/tunisie-la-realite-sur-lassassinat-de-chokry-belaid-au-centre-dun-entretien-entre-saied-et-salah-belaid\/\">Tunisie \u2013 La r\u00e9alit\u00e9 sur l\u2019assassinat de Chokry B\u00e9la\u00efd au centre d\u2019un entretien entre Sa\u00efed et Salah Bela\u00efd<\/a> est apparu en premier sur <a href=\"https:\/\/www.tunisienumerique.com\/\">Tunisie<\/a>.<\/p>\n<\/div>\n<p>Auteur: LM<br \/>\n<a href=\"https:\/\/www.tunisienumerique.com\/tunisie-la-realite-sur-lassassinat-de-chokry-belaid-au-centre-dun-entretien-entre-saied-et-salah-belaid\/\">Cliquez ici pour lire l&rsquo;article depuis sa source.<\/a><\/p>\n","protected":false},"excerpt":{"rendered":"<p>Le pr\u00e9sident de la R\u00e9publique, Ka\u00efs Sa\u00efed, s\u2019est entretenu ce lundi, au palais de Carthage avec Salah B\u00e9la\u00efd, le p\u00e8re du martyr Chokri Bela\u00efd, qui \u00e9tait accompagn\u00e9 de son fils, Abdelmajid. L\u2019entretien a tourn\u00e9 autour de la n\u00e9cessit\u00e9 de d\u00e9voiler la v\u00e9rit\u00e9 \u00e0 propos de l\u2019assassinat de Chokri B\u00e9la\u00efd, et d\u2019appliquer la loi sur tous [&hellip;]<\/p>\n","protected":false},"author":1789,"featured_media":0,"comment_status":"closed","ping_status":"closed","sticky":false,"template":"","format":"standard","meta":{"fifu_image_url":"","fifu_image_alt":"","footnotes":""},"categories":[73,55],"tags":[],"class_list":["post-140213","post","type-post","status-publish","format-standard","hentry","category-actualite","category-tunisie"],"_links":{"self":[{"href":"https:\/\/linitiative.ca\/International\/wp-json\/wp\/v2\/posts\/140213","targetHints":{"allow":["GET"]}}],"collection":[{"href":"https:\/\/linitiative.ca\/International\/wp-json\/wp\/v2\/posts"}],"about":[{"href":"https:\/\/linitiative.ca\/International\/wp-json\/wp\/v2\/types\/post"}],"author":[{"embeddable":true,"href":"https:\/\/linitiative.ca\/International\/wp-json\/wp\/v2\/users\/1789"}],"replies":[{"embeddable":true,"href":"https:\/\/linitiative.ca\/International\/wp-json\/wp\/v2\/comments?post=140213"}],"version-history":[{"count":0,"href":"https:\/\/linitiative.ca\/International\/wp-json\/wp\/v2\/posts\/140213\/revisions"}],"wp:attachment":[{"href":"https:\/\/linitiative.ca\/International\/wp-json\/wp\/v2\/media?parent=140213"}],"wp:term":[{"taxonomy":"category","embeddable":true,"href":"https:\/\/linitiative.ca\/International\/wp-json\/wp\/v2\/categories?post=140213"},{"taxonomy":"post_tag","embeddable":true,"href":"https:\/\/linitiative.ca\/International\/wp-json\/wp\/v2\/tags?post=140213"}],"curies":[{"name":"wp","href":"https:\/\/api.w.org\/{rel}","templated":true}]}}