{"id":140215,"date":"2022-02-06T13:44:04","date_gmt":"2022-02-06T18:44:04","guid":{"rendered":"https:\/\/linitiative.ca\/International\/la-cite-sans-vertu-un-homme-visiblement-sans-vergogne-a-abuse-dune-dame\/"},"modified":"2022-02-06T13:44:04","modified_gmt":"2022-02-06T18:44:04","slug":"la-cite-sans-vertu-un-homme-visiblement-sans-vergogne-a-abuse-dune-dame","status":"publish","type":"post","link":"https:\/\/linitiative.ca\/International\/la-cite-sans-vertu-un-homme-visiblement-sans-vergogne-a-abuse-dune-dame\/","title":{"rendered":"LA CITE SANS VERTU: Un homme, visiblement sans vergogne, a abus\u00e9 d\u2019une dame\u2026"},"content":{"rendered":"<div>\n<p><img decoding=\"async\" width=\"1137\" height=\"636\" src=\"https:\/\/linitiative.ca\/International\/wp-content\/uploads\/sites\/23\/2022\/02\/lepaysresponsive-2.png\" class=\"attachment- default-featured-img\" alt=\"\" loading=\"lazy\" srcset=\"https:\/\/linitiative.ca\/International\/wp-content\/uploads\/sites\/23\/2022\/02\/lepaysresponsive-2.png 1137w, http:\/\/lepays.bf\/wp-content\/uploads\/2017\/07\/lepaysresponsive-300x168.png 300w, http:\/\/lepays.bf\/wp-content\/uploads\/2017\/07\/lepaysresponsive-768x430.png 768w, http:\/\/lepays.bf\/wp-content\/uploads\/2017\/07\/lepaysresponsive-1024x573.png 1024w\" sizes=\"auto, (max-width: 1137px) 100vw, 1137px\">Un homme, visiblement sans vergogne, a abus\u00e9 d\u2019une dame qui, en plus d\u2019\u00eatre une d\u00e9plac\u00e9e interne, est une veuve, au point de l\u2019engrosser avant de dispara\u00eetre dans la nature. La sc\u00e8ne s\u2019est d\u00e9roul\u00e9e \u00e0 Mogt\u00e9do, dans la r\u00e9gion du Plateau central. En effet, vivant dans la pr\u00e9carit\u00e9 et sans le moindre sou, la pauvre dame, \u2026<\/p>\n<p>L\u2019article <a rel=\"nofollow\" href=\"http:\/\/lepays.bf\/la-cite-sans-vertu-un-homme-visiblement-sans-vergogne-a-abuse-dune-dame\/\">LA CITE SANS VERTU: Un homme, visiblement sans vergogne, a abus\u00e9 d\u2019une dame\u2026<\/a> est apparu en premier sur <a rel=\"nofollow\" href=\"http:\/\/lepays.bf\/\">Editions Le Pays<\/a>.<\/p>\n<\/div>\n<p>Auteur: Editions LEPAYS<br \/>\n<a href=\"https:\/\/lepays.bf\/la-cite-sans-vertu-un-homme-visiblement-sans-vergogne-a-abuse-dune-dame\/\">Cliquez ici pour lire l&rsquo;article depuis sa source.<\/a><\/p>\n","protected":false},"excerpt":{"rendered":"<p>Un homme, visiblement sans vergogne, a abus\u00e9 d\u2019une dame qui, en plus d\u2019\u00eatre une d\u00e9plac\u00e9e interne, est une veuve, au point de l\u2019engrosser avant de dispara\u00eetre dans la nature. La sc\u00e8ne s\u2019est d\u00e9roul\u00e9e \u00e0 Mogt\u00e9do, dans la r\u00e9gion du Plateau central. En effet, vivant dans la pr\u00e9carit\u00e9 et sans le moindre sou, la pauvre dame, [&hellip;]<\/p>\n","protected":false},"author":1813,"featured_media":0,"comment_status":"closed","ping_status":"closed","sticky":false,"template":"","format":"standard","meta":{"fifu_image_url":"http:\/\/lepays.bf\/wp-content\/uploads\/2017\/07\/lepaysresponsive.png","fifu_image_alt":"LA CITE SANS VERTU: Un homme, visiblement sans vergogne, a abus\u00e9 d\u2019une dame\u2026","footnotes":""},"categories":[73,81],"tags":[],"class_list":["post-140215","post","type-post","status-publish","format-standard","hentry","category-actualite","category-burkina-faso"],"_links":{"self":[{"href":"https:\/\/linitiative.ca\/International\/wp-json\/wp\/v2\/posts\/140215","targetHints":{"allow":["GET"]}}],"collection":[{"href":"https:\/\/linitiative.ca\/International\/wp-json\/wp\/v2\/posts"}],"about":[{"href":"https:\/\/linitiative.ca\/International\/wp-json\/wp\/v2\/types\/post"}],"author":[{"embeddable":true,"href":"https:\/\/linitiative.ca\/International\/wp-json\/wp\/v2\/users\/1813"}],"replies":[{"embeddable":true,"href":"https:\/\/linitiative.ca\/International\/wp-json\/wp\/v2\/comments?post=140215"}],"version-history":[{"count":0,"href":"https:\/\/linitiative.ca\/International\/wp-json\/wp\/v2\/posts\/140215\/revisions"}],"wp:attachment":[{"href":"https:\/\/linitiative.ca\/International\/wp-json\/wp\/v2\/media?parent=140215"}],"wp:term":[{"taxonomy":"category","embeddable":true,"href":"https:\/\/linitiative.ca\/International\/wp-json\/wp\/v2\/categories?post=140215"},{"taxonomy":"post_tag","embeddable":true,"href":"https:\/\/linitiative.ca\/International\/wp-json\/wp\/v2\/tags?post=140215"}],"curies":[{"name":"wp","href":"https:\/\/api.w.org\/{rel}","templated":true}]}}