{"id":140217,"date":"2022-02-06T13:48:40","date_gmt":"2022-02-06T18:48:40","guid":{"rendered":"https:\/\/linitiative.ca\/International\/35e-sommet-de-lua-les-maux-sont-connus-on-attend-maintenant-les-bons-remedes\/"},"modified":"2022-02-06T13:48:40","modified_gmt":"2022-02-06T18:48:40","slug":"35e-sommet-de-lua-les-maux-sont-connus-on-attend-maintenant-les-bons-remedes","status":"publish","type":"post","link":"https:\/\/linitiative.ca\/International\/35e-sommet-de-lua-les-maux-sont-connus-on-attend-maintenant-les-bons-remedes\/","title":{"rendered":"35E SOMMET DE L\u2019UA:  Les maux sont connus, on attend maintenant les bons rem\u00e8des"},"content":{"rendered":"<div>\n<p><img decoding=\"async\" width=\"863\" height=\"486\" src=\"https:\/\/linitiative.ca\/International\/wp-content\/uploads\/sites\/23\/2022\/02\/thumbs_b_c_96caeec123621725391ddfb1ebb0cbf5.jpg\" class=\"attachment- size- wp-post-image\" alt=\"\" loading=\"lazy\" style=\"float:left; margin:0 15px 15px 0;\" srcset=\"https:\/\/linitiative.ca\/International\/wp-content\/uploads\/sites\/23\/2022\/02\/thumbs_b_c_96caeec123621725391ddfb1ebb0cbf5.jpg 863w, http:\/\/lepays.bf\/wp-content\/uploads\/2022\/02\/thumbs_b_c_96caeec123621725391ddfb1ebb0cbf5-300x169.jpg 300w, http:\/\/lepays.bf\/wp-content\/uploads\/2022\/02\/thumbs_b_c_96caeec123621725391ddfb1ebb0cbf5-768x433.jpg 768w, http:\/\/lepays.bf\/wp-content\/uploads\/2022\/02\/thumbs_b_c_96caeec123621725391ddfb1ebb0cbf5-390x220.jpg 390w\" sizes=\"auto, (max-width: 863px) 100vw, 863px\">Contre vents et mar\u00e9es, peut-on dire, en r\u00e9f\u00e9rence \u00e0 la crise sanitaire et \u00e0 la guerre civile auxquelles le pays est confront\u00e9, le Premier ministre \u00e9thiopien, Abiy Ahmed, a r\u00e9ussi \u00e0 accueillir au si\u00e8ge de l\u2019organisation panafricaine, en pr\u00e9sentiel, les chefs d\u2019Etat et de gouvernement du continent dans le cadre du 35e sommet de l\u2019Union \u2026<\/p>\n<p>L\u2019article <a rel=\"nofollow\" href=\"http:\/\/lepays.bf\/35e-sommet-de-lua-les-maux-sont-connus-on-attend-maintenant-les-bons-remedes\/\">35E SOMMET DE L\u2019UA:  Les maux sont connus, on attend maintenant les bons rem\u00e8des<\/a> est apparu en premier sur <a rel=\"nofollow\" href=\"http:\/\/lepays.bf\/\">Editions Le Pays<\/a>.<\/p>\n<\/div>\n<p>Auteur: Editions LEPAYS<br \/>\n<a href=\"https:\/\/lepays.bf\/35e-sommet-de-lua-les-maux-sont-connus-on-attend-maintenant-les-bons-remedes\/\">Cliquez ici pour lire l&rsquo;article depuis sa source.<\/a><\/p>\n","protected":false},"excerpt":{"rendered":"<p>Contre vents et mar\u00e9es, peut-on dire, en r\u00e9f\u00e9rence \u00e0 la crise sanitaire et \u00e0 la guerre civile auxquelles le pays est confront\u00e9, le Premier ministre \u00e9thiopien, Abiy Ahmed, a r\u00e9ussi \u00e0 accueillir au si\u00e8ge de l\u2019organisation panafricaine, en pr\u00e9sentiel, les chefs d\u2019Etat et de gouvernement du continent dans le cadre du 35e sommet de l\u2019Union [&hellip;]<\/p>\n","protected":false},"author":1813,"featured_media":0,"comment_status":"closed","ping_status":"closed","sticky":false,"template":"","format":"standard","meta":{"fifu_image_url":"http:\/\/lepays.bf\/wp-content\/uploads\/2022\/02\/thumbs_b_c_96caeec123621725391ddfb1ebb0cbf5.jpg","fifu_image_alt":"35E SOMMET DE L\u2019UA:  Les maux sont connus, on attend maintenant les bons rem\u00e8des","footnotes":""},"categories":[73,81],"tags":[],"class_list":["post-140217","post","type-post","status-publish","format-standard","hentry","category-actualite","category-burkina-faso"],"_links":{"self":[{"href":"https:\/\/linitiative.ca\/International\/wp-json\/wp\/v2\/posts\/140217","targetHints":{"allow":["GET"]}}],"collection":[{"href":"https:\/\/linitiative.ca\/International\/wp-json\/wp\/v2\/posts"}],"about":[{"href":"https:\/\/linitiative.ca\/International\/wp-json\/wp\/v2\/types\/post"}],"author":[{"embeddable":true,"href":"https:\/\/linitiative.ca\/International\/wp-json\/wp\/v2\/users\/1813"}],"replies":[{"embeddable":true,"href":"https:\/\/linitiative.ca\/International\/wp-json\/wp\/v2\/comments?post=140217"}],"version-history":[{"count":0,"href":"https:\/\/linitiative.ca\/International\/wp-json\/wp\/v2\/posts\/140217\/revisions"}],"wp:attachment":[{"href":"https:\/\/linitiative.ca\/International\/wp-json\/wp\/v2\/media?parent=140217"}],"wp:term":[{"taxonomy":"category","embeddable":true,"href":"https:\/\/linitiative.ca\/International\/wp-json\/wp\/v2\/categories?post=140217"},{"taxonomy":"post_tag","embeddable":true,"href":"https:\/\/linitiative.ca\/International\/wp-json\/wp\/v2\/tags?post=140217"}],"curies":[{"name":"wp","href":"https:\/\/api.w.org\/{rel}","templated":true}]}}