{"id":140219,"date":"2022-02-06T13:53:40","date_gmt":"2022-02-06T18:53:40","guid":{"rendered":"https:\/\/linitiative.ca\/International\/defaite-humiliante-du-burkina-faso-face-au-cameroun-pour-la-troisieme-place-ah-les-etalons-peuvent-tuer\/"},"modified":"2022-02-06T13:53:40","modified_gmt":"2022-02-06T18:53:40","slug":"defaite-humiliante-du-burkina-faso-face-au-cameroun-pour-la-troisieme-place-ah-les-etalons-peuvent-tuer","status":"publish","type":"post","link":"https:\/\/linitiative.ca\/International\/defaite-humiliante-du-burkina-faso-face-au-cameroun-pour-la-troisieme-place-ah-les-etalons-peuvent-tuer\/","title":{"rendered":"DEFAITE HUMILIANTE DU BURKINA FASO FACE AU CAMEROUN POUR LA TROISIEME PLACE: Ah, les Etalons peuvent tuer !"},"content":{"rendered":"<div>\n<p><img decoding=\"async\" width=\"275\" height=\"183\" src=\"https:\/\/linitiative.ca\/International\/wp-content\/uploads\/sites\/23\/2022\/02\/index.jpg\" class=\"attachment- size- wp-post-image\" alt=\"\" loading=\"lazy\" style=\"float:left; margin:0 15px 15px 0;\">La d\u00e9sillusion \u00e9tait totale chez les Burkinab\u00e8, samedi dernier, apr\u00e8s l\u2019\u00e9galisation du Cameroun \u00e0 trois buts partout \u00e0 quelques minutes de la fin de la petite finale, au stade Amadou Ahidjo de Yaound\u00e9. Alors qu\u2019on s\u2019acheminait vers une victoire nette et sans bavure des poulains de Kamou Malo, les Lions indomptables sont all\u00e9s chercher l\u2019\u00e9galisation \u2026<\/p>\n<p>L\u2019article <a rel=\"nofollow\" href=\"http:\/\/lepays.bf\/defaite-humiliante-du-burkina-faso-face-au-cameroun-pour-la-troisieme-place-ah-les-etalons-peuvent-tuer\/\">DEFAITE HUMILIANTE DU BURKINA FASO FACE AU CAMEROUN POUR LA TROISIEME PLACE: Ah, les Etalons peuvent tuer !<\/a> est apparu en premier sur <a rel=\"nofollow\" href=\"http:\/\/lepays.bf\/\">Editions Le Pays<\/a>.<\/p>\n<\/div>\n<p>Auteur: Editions LEPAYS<br \/>\n<a href=\"https:\/\/lepays.bf\/defaite-humiliante-du-burkina-faso-face-au-cameroun-pour-la-troisieme-place-ah-les-etalons-peuvent-tuer\/\">Cliquez ici pour lire l&rsquo;article depuis sa source.<\/a><\/p>\n","protected":false},"excerpt":{"rendered":"<p>La d\u00e9sillusion \u00e9tait totale chez les Burkinab\u00e8, samedi dernier, apr\u00e8s l\u2019\u00e9galisation du Cameroun \u00e0 trois buts partout \u00e0 quelques minutes de la fin de la petite finale, au stade Amadou Ahidjo de Yaound\u00e9. Alors qu\u2019on s\u2019acheminait vers une victoire nette et sans bavure des poulains de Kamou Malo, les Lions indomptables sont all\u00e9s chercher l\u2019\u00e9galisation [&hellip;]<\/p>\n","protected":false},"author":1813,"featured_media":0,"comment_status":"closed","ping_status":"closed","sticky":false,"template":"","format":"standard","meta":{"fifu_image_url":"http:\/\/lepays.bf\/wp-content\/uploads\/2022\/02\/index.jpg","fifu_image_alt":"DEFAITE HUMILIANTE DU BURKINA FASO FACE AU CAMEROUN POUR LA TROISIEME PLACE: Ah, les Etalons peuvent tuer !","footnotes":""},"categories":[73,81],"tags":[],"class_list":["post-140219","post","type-post","status-publish","format-standard","hentry","category-actualite","category-burkina-faso"],"_links":{"self":[{"href":"https:\/\/linitiative.ca\/International\/wp-json\/wp\/v2\/posts\/140219","targetHints":{"allow":["GET"]}}],"collection":[{"href":"https:\/\/linitiative.ca\/International\/wp-json\/wp\/v2\/posts"}],"about":[{"href":"https:\/\/linitiative.ca\/International\/wp-json\/wp\/v2\/types\/post"}],"author":[{"embeddable":true,"href":"https:\/\/linitiative.ca\/International\/wp-json\/wp\/v2\/users\/1813"}],"replies":[{"embeddable":true,"href":"https:\/\/linitiative.ca\/International\/wp-json\/wp\/v2\/comments?post=140219"}],"version-history":[{"count":0,"href":"https:\/\/linitiative.ca\/International\/wp-json\/wp\/v2\/posts\/140219\/revisions"}],"wp:attachment":[{"href":"https:\/\/linitiative.ca\/International\/wp-json\/wp\/v2\/media?parent=140219"}],"wp:term":[{"taxonomy":"category","embeddable":true,"href":"https:\/\/linitiative.ca\/International\/wp-json\/wp\/v2\/categories?post=140219"},{"taxonomy":"post_tag","embeddable":true,"href":"https:\/\/linitiative.ca\/International\/wp-json\/wp\/v2\/tags?post=140219"}],"curies":[{"name":"wp","href":"https:\/\/api.w.org\/{rel}","templated":true}]}}