{"id":140224,"date":"2022-02-07T04:46:57","date_gmt":"2022-02-07T09:46:57","guid":{"rendered":"https:\/\/linitiative.ca\/International\/pelerinage-diocesain-a-yagma-les-fideles-catholiques-ont-prie-pour-la-paix\/"},"modified":"2022-02-07T04:46:57","modified_gmt":"2022-02-07T09:46:57","slug":"pelerinage-diocesain-a-yagma-les-fideles-catholiques-ont-prie-pour-la-paix","status":"publish","type":"post","link":"https:\/\/linitiative.ca\/International\/pelerinage-diocesain-a-yagma-les-fideles-catholiques-ont-prie-pour-la-paix\/","title":{"rendered":"PELERINAGE DIOCESAIN A YAGMA: Les fid\u00e8les catholiques ont pri\u00e9 pour la paix"},"content":{"rendered":"<div>\n<p><img loading=\"lazy\" decoding=\"async\" width=\"425\" height=\"126\" src=\"https:\/\/linitiative.ca\/International\/wp-content\/uploads\/sites\/23\/2022\/02\/01-3.jpg\" class=\"attachment- size- wp-post-image\" alt=\"\" style=\"float:left; margin:0 15px 15px 0;\" srcset=\"https:\/\/linitiative.ca\/International\/wp-content\/uploads\/sites\/23\/2022\/02\/01-3.jpg 425w, http:\/\/lepays.bf\/wp-content\/uploads\/2022\/02\/01-3-300x89.jpg 300w\" sizes=\"auto, (max-width: 425px) 100vw, 425px\">Les fid\u00e8les de l\u2019Eglise famille de Dieu \u00e0 Ouagadougou ont effectu\u00e9, hier 6 f\u00e9vrier 2022, le p\u00e8lerinage dioc\u00e9sain \u00e0 Yagma. Un rendez-vous annuel qui a \u00e9t\u00e9 l\u2019occasion, pour les p\u00e8lerins, de prier pour la paix au Burkina et de consacrer la Nation au c\u0153ur immacul\u00e9 de Marie, reine de la paix. Ils \u00e9taient nombreux les \u2026<\/p>\n<p>L\u2019article <a rel=\"nofollow\" href=\"http:\/\/lepays.bf\/pelerinage-diocesain-a-yagma-les-fideles-catholiques-ont-prie-pour-la-paix\/\">PELERINAGE DIOCESAIN A YAGMA: Les fid\u00e8les catholiques ont pri\u00e9 pour la paix<\/a> est apparu en premier sur <a rel=\"nofollow\" href=\"http:\/\/lepays.bf\/\">Editions Le Pays<\/a>.<\/p>\n<\/div>\n<p>Auteur: Editions LEPAYS<br \/>\n<a href=\"https:\/\/lepays.bf\/pelerinage-diocesain-a-yagma-les-fideles-catholiques-ont-prie-pour-la-paix\/\">Cliquez ici pour lire l&rsquo;article depuis sa source.<\/a><\/p>\n","protected":false},"excerpt":{"rendered":"<p>Les fid\u00e8les de l\u2019Eglise famille de Dieu \u00e0 Ouagadougou ont effectu\u00e9, hier 6 f\u00e9vrier 2022, le p\u00e8lerinage dioc\u00e9sain \u00e0 Yagma. Un rendez-vous annuel qui a \u00e9t\u00e9 l\u2019occasion, pour les p\u00e8lerins, de prier pour la paix au Burkina et de consacrer la Nation au c\u0153ur immacul\u00e9 de Marie, reine de la paix. Ils \u00e9taient nombreux les [&hellip;]<\/p>\n","protected":false},"author":1813,"featured_media":0,"comment_status":"closed","ping_status":"closed","sticky":false,"template":"","format":"standard","meta":{"fifu_image_url":"http:\/\/lepays.bf\/wp-content\/uploads\/2022\/02\/01-3.jpg","fifu_image_alt":"PELERINAGE DIOCESAIN A YAGMA: Les fid\u00e8les catholiques ont pri\u00e9 pour la paix","footnotes":""},"categories":[73,81],"tags":[],"class_list":["post-140224","post","type-post","status-publish","format-standard","hentry","category-actualite","category-burkina-faso"],"_links":{"self":[{"href":"https:\/\/linitiative.ca\/International\/wp-json\/wp\/v2\/posts\/140224","targetHints":{"allow":["GET"]}}],"collection":[{"href":"https:\/\/linitiative.ca\/International\/wp-json\/wp\/v2\/posts"}],"about":[{"href":"https:\/\/linitiative.ca\/International\/wp-json\/wp\/v2\/types\/post"}],"author":[{"embeddable":true,"href":"https:\/\/linitiative.ca\/International\/wp-json\/wp\/v2\/users\/1813"}],"replies":[{"embeddable":true,"href":"https:\/\/linitiative.ca\/International\/wp-json\/wp\/v2\/comments?post=140224"}],"version-history":[{"count":0,"href":"https:\/\/linitiative.ca\/International\/wp-json\/wp\/v2\/posts\/140224\/revisions"}],"wp:attachment":[{"href":"https:\/\/linitiative.ca\/International\/wp-json\/wp\/v2\/media?parent=140224"}],"wp:term":[{"taxonomy":"category","embeddable":true,"href":"https:\/\/linitiative.ca\/International\/wp-json\/wp\/v2\/categories?post=140224"},{"taxonomy":"post_tag","embeddable":true,"href":"https:\/\/linitiative.ca\/International\/wp-json\/wp\/v2\/tags?post=140224"}],"curies":[{"name":"wp","href":"https:\/\/api.w.org\/{rel}","templated":true}]}}