{"id":140236,"date":"2022-02-07T11:35:28","date_gmt":"2022-02-07T16:35:28","guid":{"rendered":"https:\/\/linitiative.ca\/International\/cameroun-une-bibliotheque-dediee-au-droit-du-sport-ouvre-a-yaounde-2\/"},"modified":"2022-02-07T11:35:28","modified_gmt":"2022-02-07T16:35:28","slug":"cameroun-une-bibliotheque-dediee-au-droit-du-sport-ouvre-a-yaounde-2","status":"publish","type":"post","link":"https:\/\/linitiative.ca\/International\/cameroun-une-bibliotheque-dediee-au-droit-du-sport-ouvre-a-yaounde-2\/","title":{"rendered":"Cameroun : une biblioth\u00e8que d\u00e9di\u00e9e au droit du sport ouvre \u00e0 Yaound\u00e9"},"content":{"rendered":"<div>\n<p><img decoding=\"async\" width=\"1000\" height=\"750\" src=\"https:\/\/linitiative.ca\/International\/wp-content\/uploads\/sites\/23\/2022\/02\/IMG-20220207-WA0006-1-1.jpg\" class=\"attachment-post-thumbnail size-post-thumbnail wp-post-image\" alt=\"Yaound\u00e9 a sa biblioth\u00e8que d\u00e9di\u00e9e au droit du sport\" loading=\"lazy\" srcset=\"https:\/\/linitiative.ca\/International\/wp-content\/uploads\/sites\/23\/2022\/02\/IMG-20220207-WA0006-1-1.jpg 1000w, https:\/\/www.journalducameroun.com\/wp-content\/uploads\/2022\/02\/IMG-20220207-WA0006-1-300x225.jpg 300w, https:\/\/www.journalducameroun.com\/wp-content\/uploads\/2022\/02\/IMG-20220207-WA0006-1-768x576.jpg 768w, https:\/\/www.journalducameroun.com\/wp-content\/uploads\/2022\/02\/IMG-20220207-WA0006-1-587x440.jpg 587w, https:\/\/www.journalducameroun.com\/wp-content\/uploads\/2022\/02\/IMG-20220207-WA0006-1-600x450.jpg 600w\" sizes=\"auto, (max-width: 1000px) 100vw, 1000px\"><\/p>\n<h2 style=\"text-align: justify;\">La \u201cBernard Muna sports law library\u201d a \u00e9t\u00e9 inaugur\u00e9e le vendredi 4 f\u00e9vrier par le pr\u00e9sident du comit\u00e9 national olympique et sportif du Cameroun (CNOSC), le colonel Kalkaba Malboum.<\/h2>\n<p style=\"text-align: justify;\">Ces derni\u00e8res ann\u00e9es, la pratique du sport au Cameroun a tr\u00e8s souvent \u00e9t\u00e9 source de controverses et querelles qui se sont achev\u00e9es devant les tribunaux. Le cas le plus illustratif est celui de la F\u00e9d\u00e9ration camerounaises de football, qui jouit d\u2019une r\u00e9putation mondiale en mati\u00e8re de bataille judiciaire, en particulier au Tribunal arbitrale du sport (<strong>TAS<\/strong>) de Lausanne.<\/p>\n<p style=\"text-align: justify;\">Paradoxalement, le <strong>Cameroun<\/strong> n\u2019offre jusqu\u2019\u00e0 pr\u00e9sent aucune formation sp\u00e9cifique dans le domaine du droit du <strong>sport<\/strong>. Une discipline qui fait flor\u00e8s dans d\u2019autres pays, mais qui demeure malheureusement embryonnaire au pays des Lions indomptables. De l\u2019avis de nombreux experts, cette situation d\u00e9coule de la non prise en compte des enjeux du sport business, un secteur ayant une croissance de 5 \u00e0 6% par an. Pour l\u2019avocat Jean Jacques Nouyadjam par contre, le principal obstacle \u00e0 la maitrise de cette discipline est \u201c<em>le difficile acc\u00e8s \u00e0 l\u2019information<\/em>\u201d.<\/p>\n<p style=\"text-align: justify;\">C\u2019est de ce constat qu\u2019est n\u00e9 le projet de cr\u00e9ation de cette biblioth\u00e8que, dont la documentation est enti\u00e8rement d\u00e9di\u00e9e au droit du sport. \u201c<em>Il s\u2019agit de fournir les ressources et les services documentaires dans le domaine du droit du sport, et un cadre propice \u00e0 l\u2019\u00e9tude et \u00e0 la r\u00e9flexion<\/em>\u201d, a indiqu\u00e9 Jean Jacques Nouyadjam, le promoteur de cette initiative.<\/p>\n<p style=\"text-align: justify;\">La biblioth\u00e8que a ainsi \u00e9t\u00e9 mise \u00e0 la disposition de la communaut\u00e9 scientifique constitu\u00e9e de chercheurs, d\u2019avocats sp\u00e9cialis\u00e9s en droits du sport, d\u2019arbitres conciliateurs, de juristes en droit du sport et autres amoureux de la discipline. \u201c<em>La communaut\u00e9 sportive du Cameroun peut se r\u00e9jouir de l\u2019ouverture de cette biblioth\u00e8que qui sera plus qu\u2019un outil dans la ma\u00eetrise\u00a0du droit du sport dans notre pays<\/em>\u201d, a ajout\u00e9 le colonel <strong>Kalkaba Malboum<\/strong> dans son discours d\u2019inauguration.<\/p>\n<p>Cet article <a rel=\"nofollow\" href=\"https:\/\/www.journalducameroun.com\/cameroun-une-bibliotheque-dediee-au-droit-du-sport-ouvre-a-yaounde\/\">Cameroun : une biblioth\u00e8que d\u00e9di\u00e9e au droit du sport ouvre \u00e0 Yaound\u00e9<\/a> est apparu en premier sur <a rel=\"nofollow\" href=\"https:\/\/www.journalducameroun.com\/\">Journal du Cameroun<\/a>.<\/p>\n<\/div>\n<p>Auteur: Arnaud MAWEL<br \/>\n<a href=\"https:\/\/www.journalducameroun.com\/cameroun-une-bibliotheque-dediee-au-droit-du-sport-ouvre-a-yaounde\/\">Cliquez ici pour lire l&rsquo;article depuis sa source.<\/a><\/p>\n","protected":false},"excerpt":{"rendered":"<p>La \u201cBernard Muna sports law library\u201d a \u00e9t\u00e9 inaugur\u00e9e le vendredi 4 f\u00e9vrier par le pr\u00e9sident du comit\u00e9 national olympique et sportif du Cameroun (CNOSC), le colonel Kalkaba Malboum. Ces derni\u00e8res ann\u00e9es, la pratique du sport au Cameroun a tr\u00e8s souvent \u00e9t\u00e9 source de controverses et querelles qui se sont achev\u00e9es devant les tribunaux. Le [&hellip;]<\/p>\n","protected":false},"author":1965,"featured_media":0,"comment_status":"closed","ping_status":"closed","sticky":false,"template":"","format":"standard","meta":{"fifu_image_url":"https:\/\/www.journalducameroun.com\/wp-content\/uploads\/2022\/02\/IMG-20220207-WA0006-1.jpg","fifu_image_alt":"Cameroun : une biblioth\u00e8que d\u00e9di\u00e9e au droit du sport ouvre \u00e0 Yaound\u00e9","footnotes":""},"categories":[73,82],"tags":[],"class_list":["post-140236","post","type-post","status-publish","format-standard","hentry","category-actualite","category-cameroun"],"_links":{"self":[{"href":"https:\/\/linitiative.ca\/International\/wp-json\/wp\/v2\/posts\/140236","targetHints":{"allow":["GET"]}}],"collection":[{"href":"https:\/\/linitiative.ca\/International\/wp-json\/wp\/v2\/posts"}],"about":[{"href":"https:\/\/linitiative.ca\/International\/wp-json\/wp\/v2\/types\/post"}],"author":[{"embeddable":true,"href":"https:\/\/linitiative.ca\/International\/wp-json\/wp\/v2\/users\/1965"}],"replies":[{"embeddable":true,"href":"https:\/\/linitiative.ca\/International\/wp-json\/wp\/v2\/comments?post=140236"}],"version-history":[{"count":0,"href":"https:\/\/linitiative.ca\/International\/wp-json\/wp\/v2\/posts\/140236\/revisions"}],"wp:attachment":[{"href":"https:\/\/linitiative.ca\/International\/wp-json\/wp\/v2\/media?parent=140236"}],"wp:term":[{"taxonomy":"category","embeddable":true,"href":"https:\/\/linitiative.ca\/International\/wp-json\/wp\/v2\/categories?post=140236"},{"taxonomy":"post_tag","embeddable":true,"href":"https:\/\/linitiative.ca\/International\/wp-json\/wp\/v2\/tags?post=140236"}],"curies":[{"name":"wp","href":"https:\/\/api.w.org\/{rel}","templated":true}]}}