{"id":140254,"date":"2022-02-07T12:16:12","date_gmt":"2022-02-07T17:16:12","guid":{"rendered":"https:\/\/linitiative.ca\/International\/cameroun-il-epouse-la-copine-de-sa-fiancee-malgre-la-dot-deja-versee-2\/"},"modified":"2022-02-07T12:16:12","modified_gmt":"2022-02-07T17:16:12","slug":"cameroun-il-epouse-la-copine-de-sa-fiancee-malgre-la-dot-deja-versee-2","status":"publish","type":"post","link":"https:\/\/linitiative.ca\/International\/cameroun-il-epouse-la-copine-de-sa-fiancee-malgre-la-dot-deja-versee-2\/","title":{"rendered":"Cameroun : il \u00e9pouse la copine de sa fianc\u00e9e malgr\u00e9 la dot d\u00e9j\u00e0 vers\u00e9e"},"content":{"rendered":"<div>\n<p><img decoding=\"async\" width=\"460\" height=\"345\" src=\"https:\/\/linitiative.ca\/International\/wp-content\/uploads\/sites\/23\/2022\/02\/un-mari-pour-deux-1.jpeg\" class=\"attachment-post-thumbnail size-post-thumbnail wp-post-image\" alt=\"Elle arrache le fianc\u00e9 de sa copine\" loading=\"lazy\" srcset=\"https:\/\/linitiative.ca\/International\/wp-content\/uploads\/sites\/23\/2022\/02\/un-mari-pour-deux-1.jpeg 460w, https:\/\/www.journalducameroun.com\/wp-content\/uploads\/2022\/02\/un-mari-pour-deux-300x225.jpeg 300w\" sizes=\"auto, (max-width: 460px) 100vw, 460px\"><\/p>\n<p style=\"text-align: justify;\"><strong>Victorine fait h\u00e9berger son amie chez son fianc\u00e9 et il d\u00e9cide d\u2019engager une relation amoureuse avec cette derni\u00e8re. L\u2019intimit\u00e9 va conduire jusqu\u2019au mariage.<\/strong><\/p>\n<p style=\"text-align: justify;\">Cette histoire rocambolesque est rapport\u00e9e par Cameroon Tribune.<\/p>\n<p style=\"text-align: justify;\">Tout allait pourtant si bien entre Yves-Christian r\u00e9sidant en <strong>France<\/strong> et sa fianc\u00e9e Victorine, au <strong>Cameroun<\/strong>. C\u2019est apparemment le grand <strong>amour<\/strong> qui planait sur les deux tourtereaux. Sept ann\u00e9es d\u00e9j\u00e0 pass\u00e9es ensemble, leur relation s\u2019\u00e9tait alors concr\u00e9tis\u00e9e par la dot de Victorine.<\/p>\n<p style=\"text-align: justify;\"><strong>Mariage<\/strong> civil et autres \u00e9taient programm\u00e9s. Puis, une distance s\u2019est install\u00e9e. Yves qui faisait difficilement 24H sans appeler sa dulcin\u00e9e a commenc\u00e9 \u00e0 s\u2019\u00e9loigner. Malgr\u00e9 les insistances de Victorine, rien.<\/p>\n<p style=\"text-align: justify;\">C\u2019est son cousin, qui lui met un jour la puce \u00e0 l\u2019oreille. R\u00e9sidant en <strong>France<\/strong>, il appelle un jour Victorine et lui confie qu\u2019il vient de voir son <strong>fianc\u00e9<\/strong> avec Eug\u00e9nie, sa copine, dans des attitudes d\u2019amoureux. Mais, comme parait-il, le v\u00e9ritable amour ne doute point, elle n\u2019a pas cru aux paroles de son cousin.<\/p>\n<p style=\"text-align: justify;\">Elle lui r\u00e9pond, \u00ab Yves ne peut pas me faire \u00e7a \u00bb. Au-del\u00e0 de son amour, elle croit \u00e9galement \u00e0 la loyaut\u00e9 de son amie de longue date, Eug\u00e9nie.<\/p>\n<p style=\"text-align: justify;\">Son amiti\u00e9 avec Eug\u00e9nie est selon ses proches une des plus rares. Et elle semblait si sinc\u00e8re. C\u2019est fort de leur amiti\u00e9 que lorsqu\u2019Eug\u00e9nie d\u00e9cide de prendre des cong\u00e9s et de les passer \u00e0 Paris, elle partage l\u2019id\u00e9e avec Victorine.<\/p>\n<p style=\"text-align: justify;\">Eug\u00e9nie ne conna\u00eet pas grand monde \u00e0 Paris selon ce qu\u2019elle fait croire \u00e0 Victorine. Et cette derni\u00e8re lui fait alors la proposition de la mettre en contact avec Yves-Christian. Et lorsqu\u2019Eug\u00e9nie arrive \u00e0 Paris, elle notifie n\u00e9anmoins par appel vid\u00e9o \u00e0 Victorine qu\u2019elle est \u00e0 bon port. Apr\u00e8s quoi, il\u00a0 n\u2019y a plus eu de contact entre les deux filles et encore moins entre les deux fianc\u00e9s.<\/p>\n<p style=\"text-align: justify;\">Voil\u00e0 o\u00f9 les probl\u00e8mes ont commenc\u00e9. \u00ab\u00a0On ne donne pas l\u2019os au chien de garder\u00a0\u00bb. D\u00e9sempar\u00e9e et inqui\u00e8te, Victorine un bon matin se rend au service de sa copine. Son inqui\u00e9tude se r\u00e9conforte lorsque les collaborateurs d\u2019Eug\u00e9nie lui expliquent que cette derni\u00e8re est port\u00e9 disparue.<\/p>\n<p style=\"text-align: justify;\">Ils poursuivent et disent que des communiqu\u00e9s ont m\u00eame \u00e9t\u00e9 diffus\u00e9s mais en vain. Et lorsqu\u2019elle se rend au quartier Kotto \u00e0 <strong>Douala<\/strong> dans la famille de sa copine, c\u2019est RAS (rien \u00e0 signaler).<\/p>\n<p style=\"text-align: justify;\">Le coup de massue est l\u2019appelle de Dorcas, une cousine de Victorine qui vit \u00e9galement en <strong>France<\/strong>. Elle appelle Victorine. Dans la conversation, elles rigolent sur ceci et cela puis Dorcas dit \u00ab un de perdu, dix de retrouv\u00e9s, le mariage n\u2019est pas une fin en soi \u00bb.<\/p>\n<p style=\"text-align: justify;\">Sa cousine \u00e0 l\u2019autre bout du t\u00e9l\u00e9phone est perplexe et ne comprends pas grande chose. Elle demande donc \u00e0 Dorcas d\u2019\u00eatre plus claire. Pour se faire plus pr\u00e9cise, elle lui dit \u00ab Yves-Christian a \u00e9pous\u00e9 Eug\u00e9nie en d\u00e9cembre \u00e0 Paris \u00bb.<\/p>\n<p style=\"text-align: justify;\">Face toujours au refus de croire en Victorine, sa cousine lui transf\u00e8re les photos de la c\u00e9l\u00e9bration du mariage. Voyant ces images, elle ne parvient pas \u00e0 supporter le choc. Elle est actuellement intern\u00e9e dans un h\u00f4pital \u00e0 Bonapriso.<\/p>\n<p>\u00a0<\/p>\n<p>\u00a0<\/p>\n<p>Cet article <a rel=\"nofollow\" href=\"https:\/\/www.journalducameroun.com\/cameroun-il-epouse-la-copine-de-sa-fiancee-malgre-la-dot-deja-versee\/\">Cameroun : il \u00e9pouse la copine de sa fianc\u00e9e malgr\u00e9 la dot d\u00e9j\u00e0 vers\u00e9e<\/a> est apparu en premier sur <a rel=\"nofollow\" href=\"https:\/\/www.journalducameroun.com\/\">Journal du Cameroun<\/a>.<\/p>\n<\/div>\n<p>Auteur: Paul Wandji<br \/>\n<a href=\"https:\/\/www.journalducameroun.com\/cameroun-il-epouse-la-copine-de-sa-fiancee-malgre-la-dot-deja-versee\/\">Cliquez ici pour lire l&rsquo;article depuis sa source.<\/a><\/p>\n","protected":false},"excerpt":{"rendered":"<p>Victorine fait h\u00e9berger son amie chez son fianc\u00e9 et il d\u00e9cide d\u2019engager une relation amoureuse avec cette derni\u00e8re. L\u2019intimit\u00e9 va conduire jusqu\u2019au mariage. Cette histoire rocambolesque est rapport\u00e9e par Cameroon Tribune. Tout allait pourtant si bien entre Yves-Christian r\u00e9sidant en France et sa fianc\u00e9e Victorine, au Cameroun. C\u2019est apparemment le grand amour qui planait sur [&hellip;]<\/p>\n","protected":false},"author":1965,"featured_media":0,"comment_status":"closed","ping_status":"closed","sticky":false,"template":"","format":"standard","meta":{"fifu_image_url":"https:\/\/www.journalducameroun.com\/wp-content\/uploads\/2022\/02\/un-mari-pour-deux.jpeg","fifu_image_alt":"Cameroun : il \u00e9pouse la copine de sa fianc\u00e9e malgr\u00e9 la dot d\u00e9j\u00e0 vers\u00e9e","footnotes":""},"categories":[73,82],"tags":[],"class_list":["post-140254","post","type-post","status-publish","format-standard","hentry","category-actualite","category-cameroun"],"_links":{"self":[{"href":"https:\/\/linitiative.ca\/International\/wp-json\/wp\/v2\/posts\/140254","targetHints":{"allow":["GET"]}}],"collection":[{"href":"https:\/\/linitiative.ca\/International\/wp-json\/wp\/v2\/posts"}],"about":[{"href":"https:\/\/linitiative.ca\/International\/wp-json\/wp\/v2\/types\/post"}],"author":[{"embeddable":true,"href":"https:\/\/linitiative.ca\/International\/wp-json\/wp\/v2\/users\/1965"}],"replies":[{"embeddable":true,"href":"https:\/\/linitiative.ca\/International\/wp-json\/wp\/v2\/comments?post=140254"}],"version-history":[{"count":0,"href":"https:\/\/linitiative.ca\/International\/wp-json\/wp\/v2\/posts\/140254\/revisions"}],"wp:attachment":[{"href":"https:\/\/linitiative.ca\/International\/wp-json\/wp\/v2\/media?parent=140254"}],"wp:term":[{"taxonomy":"category","embeddable":true,"href":"https:\/\/linitiative.ca\/International\/wp-json\/wp\/v2\/categories?post=140254"},{"taxonomy":"post_tag","embeddable":true,"href":"https:\/\/linitiative.ca\/International\/wp-json\/wp\/v2\/tags?post=140254"}],"curies":[{"name":"wp","href":"https:\/\/api.w.org\/{rel}","templated":true}]}}