{"id":140263,"date":"2022-02-07T14:18:03","date_gmt":"2022-02-07T19:18:03","guid":{"rendered":"https:\/\/linitiative.ca\/International\/senegal-dakar-accueille-dans-lextase-les-champions-dafrique\/"},"modified":"2022-02-07T14:18:03","modified_gmt":"2022-02-07T19:18:03","slug":"senegal-dakar-accueille-dans-lextase-les-champions-dafrique","status":"publish","type":"post","link":"https:\/\/linitiative.ca\/International\/senegal-dakar-accueille-dans-lextase-les-champions-dafrique\/","title":{"rendered":"S\u00e9n\u00e9gal : Dakar accueille dans l\u2019extase les champions d\u2019Afrique"},"content":{"rendered":"<div>\n<p><img decoding=\"async\" width=\"1280\" height=\"734\" src=\"https:\/\/linitiative.ca\/International\/wp-content\/uploads\/sites\/23\/2022\/02\/16442614836692.jpg\" class=\"attachment-post-thumbnail size-post-thumbnail wp-post-image\" alt=\"\" loading=\"lazy\" srcset=\"https:\/\/linitiative.ca\/International\/wp-content\/uploads\/sites\/23\/2022\/02\/16442614836692.jpg 1280w, https:\/\/www.journalducameroun.com\/wp-content\/uploads\/2022\/02\/16442614836692-300x172.jpg 300w, https:\/\/www.journalducameroun.com\/wp-content\/uploads\/2022\/02\/16442614836692-1024x587.jpg 1024w, https:\/\/www.journalducameroun.com\/wp-content\/uploads\/2022\/02\/16442614836692-768x440.jpg 768w, https:\/\/www.journalducameroun.com\/wp-content\/uploads\/2022\/02\/16442614836692-767x440.jpg 767w, https:\/\/www.journalducameroun.com\/wp-content\/uploads\/2022\/02\/16442614836692-350x200.jpg 350w, https:\/\/www.journalducameroun.com\/wp-content\/uploads\/2022\/02\/16442614836692-600x344.jpg 600w\" sizes=\"auto, (max-width: 1280px) 100vw, 1280px\"><\/p>\n<p>Au lendemain du sacre historique des Lions \u00e0 la Coupe d&rsquo;Afrique des nations de foot, toutes les routes ont men\u00e9 \u00e0 l&rsquo;A\u00e9roport International L\u00e9opold S\u00e9dar Senghor de Yoff (Dakar) o\u00f9 leur avion a atterri dans l&rsquo;apr\u00e8s-midi.La nuit a \u00e9t\u00e9 longue pour les uns, blanche pour les autres. Pour la premi\u00e8re fois de son histoire, le S\u00e9n\u00e9gal a inscrit son nom au palmar\u00e8s de la Coupe d&rsquo;Afrique des nations de football.<\/p>\n<p>En ce jour ouvrable, d\u00e9cr\u00e9t\u00e9 f\u00e9ri\u00e9 par le pr\u00e9sident de la R\u00e9publique Macky Sall, Dakar s&rsquo;est r\u00e9veill\u00e9e t\u00f4t pour honorer les super h\u00e9ros de tout un peuple. Hommes, femmes et enfants portent fi\u00e8rement le drapeau tricolore de leur pays. \u00c7a sourit, \u00e7a chante et \u00e7a danse \u00e9norm\u00e9ment.\u00a0Les supporters, venus en masse de toutes les communes de la capitale et bien au-del\u00e0,\u00a0sont dans un \u00e9tat second. L&rsquo;ivresse de la victoire a fait son effet.<\/p>\n<p>L&rsquo;autoroute est noire de monde, l&rsquo;ambiance entra\u00eenante. Les gens, pour la plupart, sont oblig\u00e9s de parcourir \u00e0 pied les derni\u00e8res kilom\u00e8tres les s\u00e9parant de l&rsquo;a\u00e9roport portant le nom du p\u00e8re de l&rsquo;ind\u00e9pendance. Le chaud soleil n&rsquo;entame pas la joie contagieuse. Et le coronavirus n&rsquo;existe plus le temps d&rsquo;une journ\u00e9e.\u00a0<\/p>\n<p>On se croirait dans un carnaval tant les jeunes rivalisent d&rsquo;imagination avec des tenues parfois excentriques.\u00a0\u00ab\u00a0Mon contentement est immense. Ce n&rsquo;est pas pour rien que le S\u00e9n\u00e9gal est en t\u00eate du classement de la Fifa en Afrique. Sur le papier, nous avons la meilleure \u00e9quipe du continent. Ce troph\u00e9e, nous aurions d\u00fb le remporter depuis tr\u00e8s longtemps. Notre souffrance a pris fin hier soir gr\u00e2ce \u00e0 Dieu<br \/>\n\t\u00bb, explique\u00a0Baba Ndiaye.<\/p>\n<p>Dans les v\u00e9hicules, qui essayent difficilement de circuler, les passagers jubilent au rythme des sifflets, des vuvuzelas et de la musique. Sur les balcons des maisons bordant le chemin, des ustensiles de cuisine sont m\u00eame utilis\u00e9s pour ambiancer.\u00a0<\/p>\n<p>\u00c0 c\u00f4t\u00e9, les gadgets de l&rsquo;\u00e9quipe nationale se vendent comme de petits pains. V\u00eatue du maillot des Lions, Thially Sylla est aux anges. Pour cette dame de taille moyenne, ce sacre, qui en appelle d&rsquo;autres dans un avenir proche, sera f\u00eat\u00e9 de la plus belle des mani\u00e8res.<\/p>\n<p>Apr\u00e8s des heures d&rsquo;attente, la patience des supporters est r\u00e9compens\u00e9e. L&rsquo;avion des Lions se pose sur le tarmac vers 17 heures Temps Universel. Le chef de l&rsquo;\u00c9tat d\u00e9roule le tapis rouge aux n\u00e9o-champions dont Kalidou Koulibaly. Le capitaine brandit la coupe avec beaucoup de fiert\u00e9 sur l&rsquo;escabeau de l&rsquo;a\u00e9ronef.<\/p>\n<p>\u00c0 l&rsquo;ext\u00e9rieur de l&rsquo;a\u00e9roport, la foule est excit\u00e9e. Le s\u00e9lectionneur Aliou Ciss\u00e9 et ses poulains montent sur un bus \u00e0 imp\u00e9riale. L&rsquo;ambiance est \u00e9lectrique. Comme en 2019, la procession de\u00a0l&rsquo;\u00e9quipe nationale va sillonner les rues de Dakar pour communier avec le peuple.\u00a0La nuit promet encore d&rsquo;\u00eatre longue.<br \/>\n\t\u00a0<\/p>\n<p>Cet article <a rel=\"nofollow\" href=\"https:\/\/www.journalducameroun.com\/senegal-dakar-accueille-dans-lextase-les-champions-dafrique\/\">S\u00e9n\u00e9gal : Dakar accueille dans l\u2019extase les champions d\u2019Afrique<\/a> est apparu en premier sur <a rel=\"nofollow\" href=\"https:\/\/www.journalducameroun.com\/\">Journal du Cameroun<\/a>.<\/p>\n<\/div>\n<p>Auteur: APA News<br \/>\n<a href=\"https:\/\/www.journalducameroun.com\/senegal-dakar-accueille-dans-lextase-les-champions-dafrique\/\">Cliquez ici pour lire l&rsquo;article depuis sa source.<\/a><\/p>\n","protected":false},"excerpt":{"rendered":"<p>Au lendemain du sacre historique des Lions \u00e0 la Coupe d&rsquo;Afrique des nations de foot, toutes les routes ont men\u00e9 \u00e0 l&rsquo;A\u00e9roport International L\u00e9opold S\u00e9dar Senghor de Yoff (Dakar) o\u00f9 leur avion a atterri dans l&rsquo;apr\u00e8s-midi.La nuit a \u00e9t\u00e9 longue pour les uns, blanche pour les autres. Pour la premi\u00e8re fois de son histoire, le [&hellip;]<\/p>\n","protected":false},"author":1965,"featured_media":0,"comment_status":"closed","ping_status":"closed","sticky":false,"template":"","format":"standard","meta":{"fifu_image_url":"https:\/\/www.journalducameroun.com\/wp-content\/uploads\/2022\/02\/16442614836692.jpg","fifu_image_alt":"S\u00e9n\u00e9gal : Dakar accueille dans l\u2019extase les champions d\u2019Afrique","footnotes":""},"categories":[73,82],"tags":[],"class_list":["post-140263","post","type-post","status-publish","format-standard","hentry","category-actualite","category-cameroun"],"_links":{"self":[{"href":"https:\/\/linitiative.ca\/International\/wp-json\/wp\/v2\/posts\/140263","targetHints":{"allow":["GET"]}}],"collection":[{"href":"https:\/\/linitiative.ca\/International\/wp-json\/wp\/v2\/posts"}],"about":[{"href":"https:\/\/linitiative.ca\/International\/wp-json\/wp\/v2\/types\/post"}],"author":[{"embeddable":true,"href":"https:\/\/linitiative.ca\/International\/wp-json\/wp\/v2\/users\/1965"}],"replies":[{"embeddable":true,"href":"https:\/\/linitiative.ca\/International\/wp-json\/wp\/v2\/comments?post=140263"}],"version-history":[{"count":0,"href":"https:\/\/linitiative.ca\/International\/wp-json\/wp\/v2\/posts\/140263\/revisions"}],"wp:attachment":[{"href":"https:\/\/linitiative.ca\/International\/wp-json\/wp\/v2\/media?parent=140263"}],"wp:term":[{"taxonomy":"category","embeddable":true,"href":"https:\/\/linitiative.ca\/International\/wp-json\/wp\/v2\/categories?post=140263"},{"taxonomy":"post_tag","embeddable":true,"href":"https:\/\/linitiative.ca\/International\/wp-json\/wp\/v2\/tags?post=140263"}],"curies":[{"name":"wp","href":"https:\/\/api.w.org\/{rel}","templated":true}]}}