{"id":140271,"date":"2022-02-07T09:59:55","date_gmt":"2022-02-07T14:59:55","guid":{"rendered":"https:\/\/linitiative.ca\/International\/filiere-avicole-la-region-de-louest-declare-des-cas-de-grippe-aviaire\/"},"modified":"2022-02-07T09:59:55","modified_gmt":"2022-02-07T14:59:55","slug":"filiere-avicole-la-region-de-louest-declare-des-cas-de-grippe-aviaire","status":"publish","type":"post","link":"https:\/\/linitiative.ca\/International\/filiere-avicole-la-region-de-louest-declare-des-cas-de-grippe-aviaire\/","title":{"rendered":"Fili\u00e8re avicole : la r\u00e9gion de l\u2019Ouest d\u00e9clare des cas de grippe aviaire"},"content":{"rendered":"<div>\n<p>Des cas de grippe aviaire viennent de resurgir dans la r\u00e9gion de l\u2019Ouest. C\u2019est ce que l\u2019on apprend ce lundi 7 f\u00e9vrier 2022 d\u2019\u00ab\u00a0une note sign\u00e9e le 5\u00a0f\u00e9vrier 2022 par le d\u00e9l\u00e9gu\u00e9 r\u00e9gional en charge de l\u2019\u00c9levage de la r\u00e9gion de l\u2019Ouest\u00a0\u00bb. Ces cas de grippe aviaire resurgissent cinq ans apr\u00e8s la derni\u00e8re \u00e9pizootie.<\/p>\n<p><strong>Lire aussi : <a href=\"https:\/\/ecomatin.net\/filiere-avicole-linterprofession-projette-une-baisse-des-prix-du-poulet-au-premier-trimestre-2022\/\">Fili\u00e8re avicole : l\u2019Interprofession projette une baisse des prix du poulet au premier trimestre 2022<\/a><\/strong><\/p>\n<p>Comme en pareilles circonstances, le Minepia, Dr Ta\u00efga, a mis en branle le protocole pour \u00e9viter la propagation de l\u2019\u00e9pizootie dans le reste du pays. Les mesures urgentes indiqu\u00e9es dans sonarr\u00eat\u00e9 \u00e0 ce propos vont de \u00ab\u00a0la mise en \u0153uvre des op\u00e9rations d\u2019abattage sanitaire d\u2019urgence dans les foyers identifi\u00e9s, leur destruction par incin\u00e9ration et enfouissement sous contr\u00f4le des responsables des services v\u00e9t\u00e9rinaires avec l\u2019appui des forces de maintien de l\u2019ordre\u00a0\u00bb \u00e0 \u00ab\u00a0l\u2019\u00e9rection de la barri\u00e8re sanitaire au niveau des fermes, avec interdiction d\u2019acc\u00e8s \u00e0 toute personne non autoris\u00e9e, pendant la p\u00e9riode du d\u00e9roulement des op\u00e9rations d\u2019abattage sanitaire et de d\u00e9sinfection des foyers\u00a0\u00bb.\u00a0Du coup, \u00e0 l\u2019Ouest, une r\u00e9gion qui \u00e0 elle seule produit 80% de la volaille nationale, le gouverneur de la r\u00e9gion de l\u2019Ouest a entrepris d\u2019informer les aviculteurs du d\u00e9roulement qu\u2019une op\u00e9ration d\u2019abattage des volailles va se d\u00e9rouler dans les fermes de sa circonscription de commandement.<\/p>\n<p><strong>Lire aussi : <a href=\"https:\/\/ecomatin.net\/filiere-avicole-la-penurie-des-sous-produits-s-entraine-linflation-sur-le-marche-du-poulet\/\">Fili\u00e8re avicole : la p\u00e9nurie des sous-produits entra\u00eene l\u2019inflation sur le march\u00e9 du poulet<\/a><\/strong><\/p>\n<p>Pour rappel, selon l\u2019Interprofession avicole du Cameroun (Ipavic), les \u00e9pizooties de grippe aviaire de 2016 et 2017 au Cameroun ont caus\u00e9 pr\u00e8s de 16\u00a0milliards de FCFA de pertes aux op\u00e9rateurs.<\/p>\n<p>L\u2019article <a rel=\"nofollow\" href=\"https:\/\/ecomatin.net\/filiere-avicole-la-region-de-louest-declare-des-cas-de-grippe-aviaire\/\">Fili\u00e8re avicole : la r\u00e9gion de l\u2019Ouest d\u00e9clare des cas de grippe aviaire<\/a> est apparu en premier sur <a rel=\"nofollow\" href=\"https:\/\/ecomatin.net\/\">EcoMatin<\/a>.<\/p>\n<\/div>\n<p>Auteur: Bernard Bangda<br \/>\n<a href=\"https:\/\/ecomatin.net\/filiere-avicole-la-region-de-louest-declare-des-cas-de-grippe-aviaire\/\">Cliquez ici pour lire l&rsquo;article depuis sa source.<\/a><\/p>\n","protected":false},"excerpt":{"rendered":"<p>Des cas de grippe aviaire viennent de resurgir dans la r\u00e9gion de l\u2019Ouest. C\u2019est ce que l\u2019on apprend ce lundi 7 f\u00e9vrier 2022 d\u2019\u00ab\u00a0une note sign\u00e9e le 5\u00a0f\u00e9vrier 2022 par le d\u00e9l\u00e9gu\u00e9 r\u00e9gional en charge de l\u2019\u00c9levage de la r\u00e9gion de l\u2019Ouest\u00a0\u00bb. Ces cas de grippe aviaire resurgissent cinq ans apr\u00e8s la derni\u00e8re \u00e9pizootie. Lire [&hellip;]<\/p>\n","protected":false},"author":1969,"featured_media":0,"comment_status":"closed","ping_status":"closed","sticky":false,"template":"","format":"standard","meta":{"fifu_image_url":"","fifu_image_alt":"","footnotes":""},"categories":[82,78],"tags":[],"class_list":["post-140271","post","type-post","status-publish","format-standard","hentry","category-cameroun","category-economie"],"_links":{"self":[{"href":"https:\/\/linitiative.ca\/International\/wp-json\/wp\/v2\/posts\/140271","targetHints":{"allow":["GET"]}}],"collection":[{"href":"https:\/\/linitiative.ca\/International\/wp-json\/wp\/v2\/posts"}],"about":[{"href":"https:\/\/linitiative.ca\/International\/wp-json\/wp\/v2\/types\/post"}],"author":[{"embeddable":true,"href":"https:\/\/linitiative.ca\/International\/wp-json\/wp\/v2\/users\/1969"}],"replies":[{"embeddable":true,"href":"https:\/\/linitiative.ca\/International\/wp-json\/wp\/v2\/comments?post=140271"}],"version-history":[{"count":0,"href":"https:\/\/linitiative.ca\/International\/wp-json\/wp\/v2\/posts\/140271\/revisions"}],"wp:attachment":[{"href":"https:\/\/linitiative.ca\/International\/wp-json\/wp\/v2\/media?parent=140271"}],"wp:term":[{"taxonomy":"category","embeddable":true,"href":"https:\/\/linitiative.ca\/International\/wp-json\/wp\/v2\/categories?post=140271"},{"taxonomy":"post_tag","embeddable":true,"href":"https:\/\/linitiative.ca\/International\/wp-json\/wp\/v2\/tags?post=140271"}],"curies":[{"name":"wp","href":"https:\/\/api.w.org\/{rel}","templated":true}]}}