{"id":140273,"date":"2022-02-07T10:23:46","date_gmt":"2022-02-07T15:23:46","guid":{"rendered":"https:\/\/linitiative.ca\/International\/cacao-2-milliards-de-f-de-prime-de-qualite-a-distribuer-aux-producteurs-pour-les-campagnes-de-2018-a-2020\/"},"modified":"2022-02-07T10:23:46","modified_gmt":"2022-02-07T15:23:46","slug":"cacao-2-milliards-de-f-de-prime-de-qualite-a-distribuer-aux-producteurs-pour-les-campagnes-de-2018-a-2020","status":"publish","type":"post","link":"https:\/\/linitiative.ca\/International\/cacao-2-milliards-de-f-de-prime-de-qualite-a-distribuer-aux-producteurs-pour-les-campagnes-de-2018-a-2020\/","title":{"rendered":"Cacao\u00a0: 2 milliards de F de prime de qualit\u00e9 \u00e0 distribuer aux producteurs pour les campagnes de 2018 \u00e0 2020"},"content":{"rendered":"<div>\n<p>C\u2019est parti pour le deuxi\u00e8me et troisi\u00e8me tour de paiement de la prime de qualit\u00e9 destin\u00e9e aux producteurs de cacao. En effet, le 4 f\u00e9vrier 2022, le ministre du Commerce (Mincommerce), Luc Magloire Mbarga Atangana, a proc\u00e9d\u00e9 au cours d\u2019un point de presse, au lancement de cette op\u00e9ration pour le compte des campagnes cacaoy\u00e8res 2018-2019 et 2019-2020. Pour cette p\u00e9riode, c\u2019est une enveloppe de 2 milliards de Fcfa qui sera distribu\u00e9e aux producteurs des principaux bassins de production du pays.\u00a0 Une dotation en nette hausse, Comparativement aux 659,224 millions de Fcfa repartis \u00e0 4\u00a0399 b\u00e9n\u00e9ficiaires pour la campagne cacaoy\u00e8re 2017-2018.<\/p>\n<p><strong>Lire aussi <\/strong>: <strong><a href=\"https:\/\/ecomatin.net\/agriculture-un-programme-de-developpement-des-filieres-cacao-cafe-et-de-lacajou-en-gestation\/\">Agriculture : un programme de d\u00e9veloppement des fili\u00e8res cacao, caf\u00e9 et de l\u2019acajou en gestation<\/a><\/strong><\/p>\n<p>Pour l\u2019heure, le processus qui va aboutir au paiement de ladite prime a d\u00e9but\u00e9 le 7 f\u00e9vrier 2022. Selon un calendrier pr\u00e9\u00e9tabli par le Mincommerce, il est pr\u00e9vu que la p\u00e9riode allant du 7 f\u00e9vrier au 11 mars prochain, soit d\u00e9di\u00e9e au d\u00e9p\u00f4t des dossiers des cacaoculteurs aupr\u00e8s des d\u00e9l\u00e9gations d\u00e9partementales du commerce et dans les agences territorialement comp\u00e9tentes de l\u2019Office national du cacao et du caf\u00e9 (Oncc). La session de d\u00e9p\u00f4t sera suivie par le d\u00e9pouillement des dossiers et\u00a0\u00a0la publication des listes provisoires, par le Comit\u00e9 charg\u00e9 du suivi et du paiement de la prime de qualit\u00e9. Ce sera du 11 mars au 27 mai 2022. Ledit d\u00e9pouillement sera suivi du paiement proprement dit de la prime qui interviendra du 1<sup>er<\/sup>\u00a0au 30 juin 2022, et mettra un terme \u00e0 ce processus.\u00a0\u00a0\u00a0<\/p>\n<p><strong>Lire aussi<\/strong> : <strong><a href=\"https:\/\/ecomatin.net\/filiere-cacao-le-cameroun-sassocie-a-lunion-europeenne-pour-responsabiliser-les-producteurs\/\">Fili\u00e8re Cacao : le Cameroun s\u2019associe \u00e0 l\u2019Union Europ\u00e9enne pour responsabiliser les producteurs<\/a><\/strong><\/p>\n<p>Pour veiller au strict respect de cette d\u00e9cision, des textes d\u2019application ont \u00e9t\u00e9 mis en place par le gouvernement. Notamment, la d\u00e9cision fixant les modalit\u00e9s d\u2019octroi de la prime de qualit\u00e9 aux producteurs de cacao pour la campagne 2018\/2019 et 2019\/2020 et son annexe et la d\u00e9cision du 4 janvier 2022, modifiant celle du 22 ao\u00fbt 2018 portant organisation et fonctionnement du comit\u00e9 charg\u00e9 du suivi et du paiement et de la qualit\u00e9 des producteurs, qui fixe les modalit\u00e9s d\u2019octroi aux producteurs.<\/p>\n<p><strong>Lire aussi<\/strong> : <strong><a href=\"https:\/\/ecomatin.net\/filiere-cacao-cafe-les-torrefacteurs-francais-veulent-aider-a-la-relance-du-cafe-camerounais\/\">Fili\u00e8re cacao &amp; caf\u00e9 : les torr\u00e9facteurs fran\u00e7ais veulent aider \u00e0 la relance du caf\u00e9 camerounais<\/a><\/strong><\/p>\n<p>Rappelons que la prime de qualit\u00e9 a pour objectif d\u2019\u00a0\u00ab\u00a0inciter les producteurs \u00e0 la commercialisation du cacao de haute qualit\u00e9 et de valoriser davantage les ventes group\u00e9es, dans le but d\u2019am\u00e9liorer leurs revenus et rehausser de mani\u00e8re incidente l\u2019image de l\u2019origine Cameroun \u00e0 l\u2019international\u00bb, explique les services du Mincommerce.<\/p>\n<p>L\u2019article <a rel=\"nofollow\" href=\"https:\/\/ecomatin.net\/cacao-2-milliards-de-f-de-prime-de-qualite-a-distribuer-aux-producteurs-pour-les-campagnes-de-2018-a-2020\/\">Cacao\u00a0: 2 milliards de F de prime de qualit\u00e9 \u00e0 distribuer aux producteurs pour les campagnes de 2018 \u00e0 2020<\/a> est apparu en premier sur <a rel=\"nofollow\" href=\"https:\/\/ecomatin.net\/\">EcoMatin<\/a>.<\/p>\n<\/div>\n<p>Auteur: Cindy MBALA<br \/>\n<a href=\"https:\/\/ecomatin.net\/cacao-2-milliards-de-f-de-prime-de-qualite-a-distribuer-aux-producteurs-pour-les-campagnes-de-2018-a-2020\/\">Cliquez ici pour lire l&rsquo;article depuis sa source.<\/a><\/p>\n","protected":false},"excerpt":{"rendered":"<p>C\u2019est parti pour le deuxi\u00e8me et troisi\u00e8me tour de paiement de la prime de qualit\u00e9 destin\u00e9e aux producteurs de cacao. En effet, le 4 f\u00e9vrier 2022, le ministre du Commerce (Mincommerce), Luc Magloire Mbarga Atangana, a proc\u00e9d\u00e9 au cours d\u2019un point de presse, au lancement de cette op\u00e9ration pour le compte des campagnes cacaoy\u00e8res 2018-2019 [&hellip;]<\/p>\n","protected":false},"author":1969,"featured_media":0,"comment_status":"closed","ping_status":"closed","sticky":false,"template":"","format":"standard","meta":{"fifu_image_url":"","fifu_image_alt":"","footnotes":""},"categories":[82,78],"tags":[],"class_list":["post-140273","post","type-post","status-publish","format-standard","hentry","category-cameroun","category-economie"],"_links":{"self":[{"href":"https:\/\/linitiative.ca\/International\/wp-json\/wp\/v2\/posts\/140273","targetHints":{"allow":["GET"]}}],"collection":[{"href":"https:\/\/linitiative.ca\/International\/wp-json\/wp\/v2\/posts"}],"about":[{"href":"https:\/\/linitiative.ca\/International\/wp-json\/wp\/v2\/types\/post"}],"author":[{"embeddable":true,"href":"https:\/\/linitiative.ca\/International\/wp-json\/wp\/v2\/users\/1969"}],"replies":[{"embeddable":true,"href":"https:\/\/linitiative.ca\/International\/wp-json\/wp\/v2\/comments?post=140273"}],"version-history":[{"count":0,"href":"https:\/\/linitiative.ca\/International\/wp-json\/wp\/v2\/posts\/140273\/revisions"}],"wp:attachment":[{"href":"https:\/\/linitiative.ca\/International\/wp-json\/wp\/v2\/media?parent=140273"}],"wp:term":[{"taxonomy":"category","embeddable":true,"href":"https:\/\/linitiative.ca\/International\/wp-json\/wp\/v2\/categories?post=140273"},{"taxonomy":"post_tag","embeddable":true,"href":"https:\/\/linitiative.ca\/International\/wp-json\/wp\/v2\/tags?post=140273"}],"curies":[{"name":"wp","href":"https:\/\/api.w.org\/{rel}","templated":true}]}}