{"id":140279,"date":"2022-02-07T15:15:01","date_gmt":"2022-02-07T20:15:01","guid":{"rendered":"https:\/\/linitiative.ca\/International\/tunisien-le-porte-parole-du-departement-detat-americain-video-notre-pays-est-preoccupe-par-la-decision-de-kais-saied-de-dissoudre-le-csm\/"},"modified":"2022-02-07T15:15:01","modified_gmt":"2022-02-07T20:15:01","slug":"tunisien-le-porte-parole-du-departement-detat-americain-video-notre-pays-est-preoccupe-par-la-decision-de-kais-saied-de-dissoudre-le-csm","status":"publish","type":"post","link":"https:\/\/linitiative.ca\/International\/tunisien-le-porte-parole-du-departement-detat-americain-video-notre-pays-est-preoccupe-par-la-decision-de-kais-saied-de-dissoudre-le-csm\/","title":{"rendered":"Tunisien-Le Porte-Parole du D\u00e9partement d\u2019Etat am\u00e9ricain [VIDEO] : Notre pays est pr\u00e9occup\u00e9 par la d\u00e9cision de Kais Saied de dissoudre le CSM"},"content":{"rendered":"<div>\n<p>Le porte-parole du D\u00e9partement d\u2019Etat, Ned Price a annonc\u00e9 ce soir lundi 07 f\u00e9vrier 2022, la pr\u00e9occupation des Etats-Unis d\u2019Am\u00e9rique quant \u00e0 la d\u00e9cision du pr\u00e9sident Kais Saied de dissoudre le Conseil Sup\u00e9rieur de la Magistrature et d\u2019interdire l\u2019acc\u00e8s aux employ\u00e9s de l\u2019institution .<\/p>\n<p>L\u2019article <a href=\"https:\/\/www.tunisienumerique.com\/tunisien-le-porte-parole-du-departement-detat-americain-notre-pays-est-preoccupe-par-la-decision-de-kais-saied-de-dissoudre-le-csm\/\">Tunisien-Le Porte-Parole du D\u00e9partement d\u2019Etat am\u00e9ricain [VIDEO] : Notre pays est pr\u00e9occup\u00e9 par la d\u00e9cision de Kais Saied de dissoudre le CSM<\/a> est apparu en premier sur <a href=\"https:\/\/www.tunisienumerique.com\/\">Tunisie<\/a>.<\/p>\n<\/div>\n<p>Auteur: rania ben slimane<br \/>\n<a href=\"https:\/\/www.tunisienumerique.com\/tunisien-le-porte-parole-du-departement-detat-americain-notre-pays-est-preoccupe-par-la-decision-de-kais-saied-de-dissoudre-le-csm\/\">Cliquez ici pour lire l&rsquo;article depuis sa source.<\/a><\/p>\n","protected":false},"excerpt":{"rendered":"<p>Le porte-parole du D\u00e9partement d\u2019Etat, Ned Price a annonc\u00e9 ce soir lundi 07 f\u00e9vrier 2022, la pr\u00e9occupation des Etats-Unis d\u2019Am\u00e9rique quant \u00e0 la d\u00e9cision du pr\u00e9sident Kais Saied de dissoudre le Conseil Sup\u00e9rieur de la Magistrature et d\u2019interdire l\u2019acc\u00e8s aux employ\u00e9s de l\u2019institution . L\u2019article Tunisien-Le Porte-Parole du D\u00e9partement d\u2019Etat am\u00e9ricain [VIDEO] : Notre pays [&hellip;]<\/p>\n","protected":false},"author":1789,"featured_media":0,"comment_status":"closed","ping_status":"closed","sticky":false,"template":"","format":"standard","meta":{"fifu_image_url":"","fifu_image_alt":"","footnotes":""},"categories":[73,55],"tags":[],"class_list":["post-140279","post","type-post","status-publish","format-standard","hentry","category-actualite","category-tunisie"],"_links":{"self":[{"href":"https:\/\/linitiative.ca\/International\/wp-json\/wp\/v2\/posts\/140279","targetHints":{"allow":["GET"]}}],"collection":[{"href":"https:\/\/linitiative.ca\/International\/wp-json\/wp\/v2\/posts"}],"about":[{"href":"https:\/\/linitiative.ca\/International\/wp-json\/wp\/v2\/types\/post"}],"author":[{"embeddable":true,"href":"https:\/\/linitiative.ca\/International\/wp-json\/wp\/v2\/users\/1789"}],"replies":[{"embeddable":true,"href":"https:\/\/linitiative.ca\/International\/wp-json\/wp\/v2\/comments?post=140279"}],"version-history":[{"count":0,"href":"https:\/\/linitiative.ca\/International\/wp-json\/wp\/v2\/posts\/140279\/revisions"}],"wp:attachment":[{"href":"https:\/\/linitiative.ca\/International\/wp-json\/wp\/v2\/media?parent=140279"}],"wp:term":[{"taxonomy":"category","embeddable":true,"href":"https:\/\/linitiative.ca\/International\/wp-json\/wp\/v2\/categories?post=140279"},{"taxonomy":"post_tag","embeddable":true,"href":"https:\/\/linitiative.ca\/International\/wp-json\/wp\/v2\/tags?post=140279"}],"curies":[{"name":"wp","href":"https:\/\/api.w.org\/{rel}","templated":true}]}}