{"id":140281,"date":"2022-02-07T16:56:24","date_gmt":"2022-02-07T21:56:24","guid":{"rendered":"https:\/\/linitiative.ca\/International\/comite-de-defense-de-mehdi-ben-gharbia-les-dessous-de-laffaire\/"},"modified":"2022-02-07T16:56:24","modified_gmt":"2022-02-07T21:56:24","slug":"comite-de-defense-de-mehdi-ben-gharbia-les-dessous-de-laffaire","status":"publish","type":"post","link":"https:\/\/linitiative.ca\/International\/comite-de-defense-de-mehdi-ben-gharbia-les-dessous-de-laffaire\/","title":{"rendered":"Comit\u00e9 de d\u00e9fense de Mehdi Ben Gharbia: Les dessous de l\u2019affaire"},"content":{"rendered":"<div>\n<p>R\u00e9sum\u00e9 de la conf\u00e9rence de presse du comit\u00e9 de d\u00e9fense de Mehdi Ben Gharbia Le comit\u00e9 de d\u00e9fense a d\u00e9cid\u00e9 de tenir cette conf\u00e9rence de presse apr\u00e8s 3 mois et 20 jours de l\u2019arrestation de Mehdi Ben Gharbia \u2013 il a \u00e9t\u00e9 arr\u00eat\u00e9 le 16\/10\/2021 \u2013 Il reste d\u00e9tenu en d\u00e9pit de l\u2019\u00e9mission de la [\u2026]<\/p>\n<p>L\u2019article <a href=\"https:\/\/www.tunisienumerique.com\/comite-de-defense-de-mehdi-ben-gharbia-les-dessous-de-laffaire\/\">Comit\u00e9 de d\u00e9fense de Mehdi Ben Gharbia: Les dessous de l\u2019affaire<\/a> est apparu en premier sur <a href=\"https:\/\/www.tunisienumerique.com\/\">Tunisie<\/a>.<\/p>\n<\/div>\n<p>Auteur: chahrazed chamsi<br \/>\n<a href=\"https:\/\/www.tunisienumerique.com\/comite-de-defense-de-mehdi-ben-gharbia-les-dessous-de-laffaire\/\">Cliquez ici pour lire l&rsquo;article depuis sa source.<\/a><\/p>\n","protected":false},"excerpt":{"rendered":"<p>R\u00e9sum\u00e9 de la conf\u00e9rence de presse du comit\u00e9 de d\u00e9fense de Mehdi Ben Gharbia Le comit\u00e9 de d\u00e9fense a d\u00e9cid\u00e9 de tenir cette conf\u00e9rence de presse apr\u00e8s 3 mois et 20 jours de l\u2019arrestation de Mehdi Ben Gharbia \u2013 il a \u00e9t\u00e9 arr\u00eat\u00e9 le 16\/10\/2021 \u2013 Il reste d\u00e9tenu en d\u00e9pit de l\u2019\u00e9mission de la [&hellip;]<\/p>\n","protected":false},"author":1789,"featured_media":0,"comment_status":"closed","ping_status":"closed","sticky":false,"template":"","format":"standard","meta":{"fifu_image_url":"","fifu_image_alt":"","footnotes":""},"categories":[73,55],"tags":[],"class_list":["post-140281","post","type-post","status-publish","format-standard","hentry","category-actualite","category-tunisie"],"_links":{"self":[{"href":"https:\/\/linitiative.ca\/International\/wp-json\/wp\/v2\/posts\/140281","targetHints":{"allow":["GET"]}}],"collection":[{"href":"https:\/\/linitiative.ca\/International\/wp-json\/wp\/v2\/posts"}],"about":[{"href":"https:\/\/linitiative.ca\/International\/wp-json\/wp\/v2\/types\/post"}],"author":[{"embeddable":true,"href":"https:\/\/linitiative.ca\/International\/wp-json\/wp\/v2\/users\/1789"}],"replies":[{"embeddable":true,"href":"https:\/\/linitiative.ca\/International\/wp-json\/wp\/v2\/comments?post=140281"}],"version-history":[{"count":0,"href":"https:\/\/linitiative.ca\/International\/wp-json\/wp\/v2\/posts\/140281\/revisions"}],"wp:attachment":[{"href":"https:\/\/linitiative.ca\/International\/wp-json\/wp\/v2\/media?parent=140281"}],"wp:term":[{"taxonomy":"category","embeddable":true,"href":"https:\/\/linitiative.ca\/International\/wp-json\/wp\/v2\/categories?post=140281"},{"taxonomy":"post_tag","embeddable":true,"href":"https:\/\/linitiative.ca\/International\/wp-json\/wp\/v2\/tags?post=140281"}],"curies":[{"name":"wp","href":"https:\/\/api.w.org\/{rel}","templated":true}]}}