{"id":140282,"date":"2022-02-07T17:15:32","date_gmt":"2022-02-07T22:15:32","guid":{"rendered":"https:\/\/linitiative.ca\/International\/tunisie-imed-ben-halima-sexprime-sur-la-publication-des-deux-decrets-relatifs-a-la-conciliation-penale-et-a-la-dissolution-du-csm\/"},"modified":"2022-02-07T17:15:32","modified_gmt":"2022-02-07T22:15:32","slug":"tunisie-imed-ben-halima-sexprime-sur-la-publication-des-deux-decrets-relatifs-a-la-conciliation-penale-et-a-la-dissolution-du-csm","status":"publish","type":"post","link":"https:\/\/linitiative.ca\/International\/tunisie-imed-ben-halima-sexprime-sur-la-publication-des-deux-decrets-relatifs-a-la-conciliation-penale-et-a-la-dissolution-du-csm\/","title":{"rendered":"Tunisie: Imed Ben Halima s\u2019exprime sur la publication des deux d\u00e9crets relatifs \u00e0 la conciliation p\u00e9nale et \u00e0 la dissolution du CSM"},"content":{"rendered":"<div>\n<p>Dans un post publi\u00e9 sur sa page ce soir 07 f\u00e9vrier 2022, l\u2019activiste politique par ailleurs avocat, Me. Imed Ben Halima s\u2019est exprim\u00e9 sur la publication des deux d\u00e9crets relatifs \u00e0 la conciliation p\u00e9nale et \u00e0 la dissolution du Conseil Sup\u00e9rieur de la Magistrature. \u00abLa publication des deux d\u00e9crets relatifs la r\u00e9conciliation p\u00e9nale et la [\u2026]<\/p>\n<p>L\u2019article <a href=\"https:\/\/www.tunisienumerique.com\/tunisie-imed-ben-halima-sexprime-sur-la-publication-des-deux-decrets-relatifs-a-la-conciliation-penale-et-a-la-dissolution-du-csm\/\">Tunisie: Imed Ben Halima s\u2019exprime sur la publication des deux d\u00e9crets relatifs \u00e0 la conciliation p\u00e9nale et \u00e0 la dissolution du CSM<\/a> est apparu en premier sur <a href=\"https:\/\/www.tunisienumerique.com\/\">Tunisie<\/a>.<\/p>\n<\/div>\n<p>Auteur: rania ben slimane<br \/>\n<a href=\"https:\/\/www.tunisienumerique.com\/tunisie-imed-ben-halima-sexprime-sur-la-publication-des-deux-decrets-relatifs-a-la-conciliation-penale-et-a-la-dissolution-du-csm\/\">Cliquez ici pour lire l&rsquo;article depuis sa source.<\/a><\/p>\n","protected":false},"excerpt":{"rendered":"<p>Dans un post publi\u00e9 sur sa page ce soir 07 f\u00e9vrier 2022, l\u2019activiste politique par ailleurs avocat, Me. Imed Ben Halima s\u2019est exprim\u00e9 sur la publication des deux d\u00e9crets relatifs \u00e0 la conciliation p\u00e9nale et \u00e0 la dissolution du Conseil Sup\u00e9rieur de la Magistrature. \u00abLa publication des deux d\u00e9crets relatifs la r\u00e9conciliation p\u00e9nale et la [&hellip;]<\/p>\n","protected":false},"author":1789,"featured_media":0,"comment_status":"closed","ping_status":"closed","sticky":false,"template":"","format":"standard","meta":{"fifu_image_url":"","fifu_image_alt":"","footnotes":""},"categories":[73,55],"tags":[],"class_list":["post-140282","post","type-post","status-publish","format-standard","hentry","category-actualite","category-tunisie"],"_links":{"self":[{"href":"https:\/\/linitiative.ca\/International\/wp-json\/wp\/v2\/posts\/140282","targetHints":{"allow":["GET"]}}],"collection":[{"href":"https:\/\/linitiative.ca\/International\/wp-json\/wp\/v2\/posts"}],"about":[{"href":"https:\/\/linitiative.ca\/International\/wp-json\/wp\/v2\/types\/post"}],"author":[{"embeddable":true,"href":"https:\/\/linitiative.ca\/International\/wp-json\/wp\/v2\/users\/1789"}],"replies":[{"embeddable":true,"href":"https:\/\/linitiative.ca\/International\/wp-json\/wp\/v2\/comments?post=140282"}],"version-history":[{"count":0,"href":"https:\/\/linitiative.ca\/International\/wp-json\/wp\/v2\/posts\/140282\/revisions"}],"wp:attachment":[{"href":"https:\/\/linitiative.ca\/International\/wp-json\/wp\/v2\/media?parent=140282"}],"wp:term":[{"taxonomy":"category","embeddable":true,"href":"https:\/\/linitiative.ca\/International\/wp-json\/wp\/v2\/categories?post=140282"},{"taxonomy":"post_tag","embeddable":true,"href":"https:\/\/linitiative.ca\/International\/wp-json\/wp\/v2\/tags?post=140282"}],"curies":[{"name":"wp","href":"https:\/\/api.w.org\/{rel}","templated":true}]}}