{"id":140283,"date":"2022-02-07T14:37:00","date_gmt":"2022-02-07T19:37:00","guid":{"rendered":"https:\/\/linitiative.ca\/International\/chronoa-lheure\/"},"modified":"2022-02-07T14:37:00","modified_gmt":"2022-02-07T19:37:00","slug":"chronoa-lheure","status":"publish","type":"post","link":"https:\/\/linitiative.ca\/International\/chronoa-lheure\/","title":{"rendered":"CHRONO:A l\u2019heure"},"content":{"rendered":"<div>\n<p><img decoding=\"async\" width=\"1137\" height=\"636\" src=\"https:\/\/linitiative.ca\/International\/wp-content\/uploads\/sites\/23\/2022\/02\/lepaysresponsive-3.png\" class=\"attachment- default-featured-img\" alt=\"\" loading=\"lazy\" srcset=\"https:\/\/linitiative.ca\/International\/wp-content\/uploads\/sites\/23\/2022\/02\/lepaysresponsive-3.png 1137w, http:\/\/lepays.bf\/wp-content\/uploads\/2017\/07\/lepaysresponsive-300x168.png 300w, http:\/\/lepays.bf\/wp-content\/uploads\/2017\/07\/lepaysresponsive-768x430.png 768w, http:\/\/lepays.bf\/wp-content\/uploads\/2017\/07\/lepaysresponsive-1024x573.png 1024w\" sizes=\"auto, (max-width: 1137px) 100vw, 1137px\">La c\u00e9l\u00e9bration eucharistique du p\u00e8lerinage marial de l\u2019archidioc\u00e8se de Ouagadougou, pr\u00e9vue pour le 6 f\u00e9vrier 2022, \u00e0 Yagma, \u00e0 9h 00, a effectivement d\u00e9but\u00e9 \u00e0 l\u2019heure.<\/p>\n<p>L\u2019article <a rel=\"nofollow\" href=\"http:\/\/lepays.bf\/chronoa-lheure\/\">CHRONO:A l\u2019heure<\/a> est apparu en premier sur <a rel=\"nofollow\" href=\"http:\/\/lepays.bf\/\">Editions Le Pays<\/a>.<\/p>\n<\/div>\n<p>Auteur: Editions LEPAYS<br \/>\n<a href=\"https:\/\/lepays.bf\/chronoa-lheure\/\">Cliquez ici pour lire l&rsquo;article depuis sa source.<\/a><\/p>\n","protected":false},"excerpt":{"rendered":"<p>La c\u00e9l\u00e9bration eucharistique du p\u00e8lerinage marial de l\u2019archidioc\u00e8se de Ouagadougou, pr\u00e9vue pour le 6 f\u00e9vrier 2022, \u00e0 Yagma, \u00e0 9h 00, a effectivement d\u00e9but\u00e9 \u00e0 l\u2019heure. L\u2019article CHRONO:A l\u2019heure est apparu en premier sur Editions Le Pays. Auteur: Editions LEPAYS Cliquez ici pour lire l&rsquo;article depuis sa source.<\/p>\n","protected":false},"author":1813,"featured_media":0,"comment_status":"closed","ping_status":"closed","sticky":false,"template":"","format":"standard","meta":{"fifu_image_url":"http:\/\/lepays.bf\/wp-content\/uploads\/2017\/07\/lepaysresponsive.png","fifu_image_alt":"CHRONO:A l\u2019heure","footnotes":""},"categories":[73,81],"tags":[],"class_list":["post-140283","post","type-post","status-publish","format-standard","hentry","category-actualite","category-burkina-faso"],"_links":{"self":[{"href":"https:\/\/linitiative.ca\/International\/wp-json\/wp\/v2\/posts\/140283","targetHints":{"allow":["GET"]}}],"collection":[{"href":"https:\/\/linitiative.ca\/International\/wp-json\/wp\/v2\/posts"}],"about":[{"href":"https:\/\/linitiative.ca\/International\/wp-json\/wp\/v2\/types\/post"}],"author":[{"embeddable":true,"href":"https:\/\/linitiative.ca\/International\/wp-json\/wp\/v2\/users\/1813"}],"replies":[{"embeddable":true,"href":"https:\/\/linitiative.ca\/International\/wp-json\/wp\/v2\/comments?post=140283"}],"version-history":[{"count":0,"href":"https:\/\/linitiative.ca\/International\/wp-json\/wp\/v2\/posts\/140283\/revisions"}],"wp:attachment":[{"href":"https:\/\/linitiative.ca\/International\/wp-json\/wp\/v2\/media?parent=140283"}],"wp:term":[{"taxonomy":"category","embeddable":true,"href":"https:\/\/linitiative.ca\/International\/wp-json\/wp\/v2\/categories?post=140283"},{"taxonomy":"post_tag","embeddable":true,"href":"https:\/\/linitiative.ca\/International\/wp-json\/wp\/v2\/tags?post=140283"}],"curies":[{"name":"wp","href":"https:\/\/api.w.org\/{rel}","templated":true}]}}