{"id":140285,"date":"2022-02-07T14:39:20","date_gmt":"2022-02-07T19:39:20","guid":{"rendered":"https:\/\/linitiative.ca\/International\/relecture-en-cours-de-la-charte-de-la-transition-au-mali-est-ce-vraiment-la-priorite\/"},"modified":"2022-02-07T14:39:20","modified_gmt":"2022-02-07T19:39:20","slug":"relecture-en-cours-de-la-charte-de-la-transition-au-mali-est-ce-vraiment-la-priorite","status":"publish","type":"post","link":"https:\/\/linitiative.ca\/International\/relecture-en-cours-de-la-charte-de-la-transition-au-mali-est-ce-vraiment-la-priorite\/","title":{"rendered":"RELECTURE EN COURS DE LA CHARTE DE LA TRANSITION AU MALI: Est-ce vraiment la priorit\u00e9 ?"},"content":{"rendered":"<div>\n<p><img decoding=\"async\" width=\"318\" height=\"159\" src=\"https:\/\/linitiative.ca\/International\/wp-content\/uploads\/sites\/23\/2022\/02\/images-1.jpgG_-1.jpg\" class=\"attachment- size- wp-post-image\" alt=\"\" loading=\"lazy\" style=\"float:left; margin:0 15px 15px 0;\" srcset=\"https:\/\/linitiative.ca\/International\/wp-content\/uploads\/sites\/23\/2022\/02\/images-1.jpgG_-1.jpg 318w, http:\/\/lepays.bf\/wp-content\/uploads\/2022\/02\/images-1.jpgG_-1-300x150.jpg 300w\" sizes=\"auto, (max-width: 318px) 100vw, 318px\">Depuis le 4 f\u00e9vrier dernier, la Charte de la transition est en cours de relecture au Mali o\u00f9 le Conseil national de transition (CNT), l\u2019organe l\u00e9gislatif, a \u00e9t\u00e9 convoqu\u00e9 en session extraordinaire dans le but de la r\u00e9viser. En cette p\u00e9riode de vives tensions o\u00f9 le pays est sous embargo de la CEDEAO (Communaut\u00e9 \u00e9conomique \u2026<\/p>\n<p>L\u2019article <a rel=\"nofollow\" href=\"http:\/\/lepays.bf\/79745-2\/\">RELECTURE EN COURS DE LA CHARTE DE LA TRANSITION AU MALI: Est-ce vraiment la priorit\u00e9 ?<\/a> est apparu en premier sur <a rel=\"nofollow\" href=\"http:\/\/lepays.bf\/\">Editions Le Pays<\/a>.<\/p>\n<\/div>\n<p>Auteur: Editions LEPAYS<br \/>\n<a href=\"https:\/\/lepays.bf\/79745-2\/\">Cliquez ici pour lire l&rsquo;article depuis sa source.<\/a><\/p>\n","protected":false},"excerpt":{"rendered":"<p>Depuis le 4 f\u00e9vrier dernier, la Charte de la transition est en cours de relecture au Mali o\u00f9 le Conseil national de transition (CNT), l\u2019organe l\u00e9gislatif, a \u00e9t\u00e9 convoqu\u00e9 en session extraordinaire dans le but de la r\u00e9viser. En cette p\u00e9riode de vives tensions o\u00f9 le pays est sous embargo de la CEDEAO (Communaut\u00e9 \u00e9conomique [&hellip;]<\/p>\n","protected":false},"author":1813,"featured_media":0,"comment_status":"closed","ping_status":"closed","sticky":false,"template":"","format":"standard","meta":{"fifu_image_url":"http:\/\/lepays.bf\/wp-content\/uploads\/2022\/02\/images-1.jpgG_-1.jpg","fifu_image_alt":"RELECTURE EN COURS DE LA CHARTE DE LA TRANSITION AU MALI: Est-ce vraiment la priorit\u00e9 ?","footnotes":""},"categories":[73,81],"tags":[],"class_list":["post-140285","post","type-post","status-publish","format-standard","hentry","category-actualite","category-burkina-faso"],"_links":{"self":[{"href":"https:\/\/linitiative.ca\/International\/wp-json\/wp\/v2\/posts\/140285","targetHints":{"allow":["GET"]}}],"collection":[{"href":"https:\/\/linitiative.ca\/International\/wp-json\/wp\/v2\/posts"}],"about":[{"href":"https:\/\/linitiative.ca\/International\/wp-json\/wp\/v2\/types\/post"}],"author":[{"embeddable":true,"href":"https:\/\/linitiative.ca\/International\/wp-json\/wp\/v2\/users\/1813"}],"replies":[{"embeddable":true,"href":"https:\/\/linitiative.ca\/International\/wp-json\/wp\/v2\/comments?post=140285"}],"version-history":[{"count":0,"href":"https:\/\/linitiative.ca\/International\/wp-json\/wp\/v2\/posts\/140285\/revisions"}],"wp:attachment":[{"href":"https:\/\/linitiative.ca\/International\/wp-json\/wp\/v2\/media?parent=140285"}],"wp:term":[{"taxonomy":"category","embeddable":true,"href":"https:\/\/linitiative.ca\/International\/wp-json\/wp\/v2\/categories?post=140285"},{"taxonomy":"post_tag","embeddable":true,"href":"https:\/\/linitiative.ca\/International\/wp-json\/wp\/v2\/tags?post=140285"}],"curies":[{"name":"wp","href":"https:\/\/api.w.org\/{rel}","templated":true}]}}