{"id":140287,"date":"2022-02-07T14:57:25","date_gmt":"2022-02-07T19:57:25","guid":{"rendered":"https:\/\/linitiative.ca\/International\/retour-triomphal-des-lions-au-bercail-djerdjef\/"},"modified":"2022-02-07T14:57:25","modified_gmt":"2022-02-07T19:57:25","slug":"retour-triomphal-des-lions-au-bercail-djerdjef","status":"publish","type":"post","link":"https:\/\/linitiative.ca\/International\/retour-triomphal-des-lions-au-bercail-djerdjef\/","title":{"rendered":"RETOUR TRIOMPHAL DES LIONS AU BERCAIL: Djerdjef !"},"content":{"rendered":"<div>\n<p><img decoding=\"async\" width=\"620\" height=\"413\" src=\"https:\/\/linitiative.ca\/International\/wp-content\/uploads\/sites\/23\/2022\/02\/large-un-accueil-chaleureux-pour-les-lions-de-la-teranga-au-senegal-df571.jpg\" class=\"attachment- size- wp-post-image\" alt=\"\" loading=\"lazy\" style=\"float:left; margin:0 15px 15px 0;\" srcset=\"https:\/\/linitiative.ca\/International\/wp-content\/uploads\/sites\/23\/2022\/02\/large-un-accueil-chaleureux-pour-les-lions-de-la-teranga-au-senegal-df571.jpg 620w, http:\/\/lepays.bf\/wp-content\/uploads\/2022\/02\/large-un-accueil-chaleureux-pour-les-lions-de-la-teranga-au-senegal-df571-300x200.jpg 300w\" sizes=\"auto, (max-width: 620px) 100vw, 620px\">\u00ab L\u2019\u00e9motion est n\u00e8gre et la raison H\u00e9l\u00e8ne \u00bb, a \u00e9crit L\u00e9opold S\u00e9dar Senghor qui deviendra plus tard le premier pr\u00e9sident du S\u00e9n\u00e9gal. Cette affirmation a \u00e9t\u00e9 vivement combattue par son compatriote Cheikh Anta Diop. Quoi qu\u2019il en soit, il y a eu beaucoup d\u2019\u00e9motions au S\u00e9n\u00e9gal avec le retour au bercail des Lions de \u2026<\/p>\n<p>L\u2019article <a rel=\"nofollow\" href=\"http:\/\/lepays.bf\/retour-triomphal-des-lions-au-bercail-djerdjef\/\">RETOUR TRIOMPHAL DES LIONS AU BERCAIL: Djerdjef !<\/a> est apparu en premier sur <a rel=\"nofollow\" href=\"http:\/\/lepays.bf\/\">Editions Le Pays<\/a>.<\/p>\n<\/div>\n<p>Auteur: Editions LEPAYS<br \/>\n<a href=\"https:\/\/lepays.bf\/retour-triomphal-des-lions-au-bercail-djerdjef\/\">Cliquez ici pour lire l&rsquo;article depuis sa source.<\/a><\/p>\n","protected":false},"excerpt":{"rendered":"<p>\u00ab L\u2019\u00e9motion est n\u00e8gre et la raison H\u00e9l\u00e8ne \u00bb, a \u00e9crit L\u00e9opold S\u00e9dar Senghor qui deviendra plus tard le premier pr\u00e9sident du S\u00e9n\u00e9gal. Cette affirmation a \u00e9t\u00e9 vivement combattue par son compatriote Cheikh Anta Diop. Quoi qu\u2019il en soit, il y a eu beaucoup d\u2019\u00e9motions au S\u00e9n\u00e9gal avec le retour au bercail des Lions de [&hellip;]<\/p>\n","protected":false},"author":1813,"featured_media":0,"comment_status":"closed","ping_status":"closed","sticky":false,"template":"","format":"standard","meta":{"fifu_image_url":"http:\/\/lepays.bf\/wp-content\/uploads\/2022\/02\/large-un-accueil-chaleureux-pour-les-lions-de-la-teranga-au-senegal-df571.jpg","fifu_image_alt":"RETOUR TRIOMPHAL DES LIONS AU BERCAIL: Djerdjef !","footnotes":""},"categories":[73,81],"tags":[],"class_list":["post-140287","post","type-post","status-publish","format-standard","hentry","category-actualite","category-burkina-faso"],"_links":{"self":[{"href":"https:\/\/linitiative.ca\/International\/wp-json\/wp\/v2\/posts\/140287","targetHints":{"allow":["GET"]}}],"collection":[{"href":"https:\/\/linitiative.ca\/International\/wp-json\/wp\/v2\/posts"}],"about":[{"href":"https:\/\/linitiative.ca\/International\/wp-json\/wp\/v2\/types\/post"}],"author":[{"embeddable":true,"href":"https:\/\/linitiative.ca\/International\/wp-json\/wp\/v2\/users\/1813"}],"replies":[{"embeddable":true,"href":"https:\/\/linitiative.ca\/International\/wp-json\/wp\/v2\/comments?post=140287"}],"version-history":[{"count":0,"href":"https:\/\/linitiative.ca\/International\/wp-json\/wp\/v2\/posts\/140287\/revisions"}],"wp:attachment":[{"href":"https:\/\/linitiative.ca\/International\/wp-json\/wp\/v2\/media?parent=140287"}],"wp:term":[{"taxonomy":"category","embeddable":true,"href":"https:\/\/linitiative.ca\/International\/wp-json\/wp\/v2\/categories?post=140287"},{"taxonomy":"post_tag","embeddable":true,"href":"https:\/\/linitiative.ca\/International\/wp-json\/wp\/v2\/tags?post=140287"}],"curies":[{"name":"wp","href":"https:\/\/api.w.org\/{rel}","templated":true}]}}