{"id":140289,"date":"2022-02-07T15:00:23","date_gmt":"2022-02-07T20:00:23","guid":{"rendered":"https:\/\/linitiative.ca\/International\/creation-du-cotn-par-le-mpsr-les-burkinabe-nattendent-que-des-resultats\/"},"modified":"2022-02-07T15:00:23","modified_gmt":"2022-02-07T20:00:23","slug":"creation-du-cotn-par-le-mpsr-les-burkinabe-nattendent-que-des-resultats","status":"publish","type":"post","link":"https:\/\/linitiative.ca\/International\/creation-du-cotn-par-le-mpsr-les-burkinabe-nattendent-que-des-resultats\/","title":{"rendered":"CREATION DU COTN PAR LE MPSR: Les Burkinab\u00e8 n\u2019attendent que des r\u00e9sultats"},"content":{"rendered":"<div>\n<p><img loading=\"lazy\" decoding=\"async\" width=\"425\" height=\"529\" src=\"https:\/\/linitiative.ca\/International\/wp-content\/uploads\/sites\/23\/2022\/02\/01-4.jpg\" class=\"attachment- size- wp-post-image\" alt=\"\" style=\"float:left; margin:0 15px 15px 0;\" srcset=\"https:\/\/linitiative.ca\/International\/wp-content\/uploads\/sites\/23\/2022\/02\/01-4.jpg 425w, http:\/\/lepays.bf\/wp-content\/uploads\/2022\/02\/01-4-241x300.jpg 241w\" sizes=\"auto, (max-width: 425px) 100vw, 425px\">Depuis le 24 janvier dernier, date \u00e0 laquelle le lieutenant-colonel Damiba a pris le pouvoir au Burkina, bien des structures militaires ont connu des changements de chefs. L\u2019on peut citer, \u00e0 titre d\u2019illustration, la nomination du colonel-major David Kabr\u00e9 \u00e0 la t\u00eate de l\u2019Etat-major g\u00e9n\u00e9ral des Arm\u00e9s (EMGA) et l\u2019arriv\u00e9e du lieutenant-colonel Evrard Somda comme \u2026<\/p>\n<p>L\u2019article <a rel=\"nofollow\" href=\"http:\/\/lepays.bf\/creation-du-cotn-par-le-mpsr-les-burkinabe-nattendent-que-des-resultats\/\">CREATION DU COTN PAR LE MPSR: Les Burkinab\u00e8 n\u2019attendent que des r\u00e9sultats<\/a> est apparu en premier sur <a rel=\"nofollow\" href=\"http:\/\/lepays.bf\/\">Editions Le Pays<\/a>.<\/p>\n<\/div>\n<p>Auteur: Editions LEPAYS<br \/>\n<a href=\"https:\/\/lepays.bf\/creation-du-cotn-par-le-mpsr-les-burkinabe-nattendent-que-des-resultats\/\">Cliquez ici pour lire l&rsquo;article depuis sa source.<\/a><\/p>\n","protected":false},"excerpt":{"rendered":"<p>Depuis le 24 janvier dernier, date \u00e0 laquelle le lieutenant-colonel Damiba a pris le pouvoir au Burkina, bien des structures militaires ont connu des changements de chefs. L\u2019on peut citer, \u00e0 titre d\u2019illustration, la nomination du colonel-major David Kabr\u00e9 \u00e0 la t\u00eate de l\u2019Etat-major g\u00e9n\u00e9ral des Arm\u00e9s (EMGA) et l\u2019arriv\u00e9e du lieutenant-colonel Evrard Somda comme [&hellip;]<\/p>\n","protected":false},"author":1813,"featured_media":0,"comment_status":"closed","ping_status":"closed","sticky":false,"template":"","format":"standard","meta":{"fifu_image_url":"http:\/\/lepays.bf\/wp-content\/uploads\/2022\/02\/01-4.jpg","fifu_image_alt":"CREATION DU COTN PAR LE MPSR: Les Burkinab\u00e8 n\u2019attendent que des r\u00e9sultats","footnotes":""},"categories":[73,81],"tags":[],"class_list":["post-140289","post","type-post","status-publish","format-standard","hentry","category-actualite","category-burkina-faso"],"_links":{"self":[{"href":"https:\/\/linitiative.ca\/International\/wp-json\/wp\/v2\/posts\/140289","targetHints":{"allow":["GET"]}}],"collection":[{"href":"https:\/\/linitiative.ca\/International\/wp-json\/wp\/v2\/posts"}],"about":[{"href":"https:\/\/linitiative.ca\/International\/wp-json\/wp\/v2\/types\/post"}],"author":[{"embeddable":true,"href":"https:\/\/linitiative.ca\/International\/wp-json\/wp\/v2\/users\/1813"}],"replies":[{"embeddable":true,"href":"https:\/\/linitiative.ca\/International\/wp-json\/wp\/v2\/comments?post=140289"}],"version-history":[{"count":0,"href":"https:\/\/linitiative.ca\/International\/wp-json\/wp\/v2\/posts\/140289\/revisions"}],"wp:attachment":[{"href":"https:\/\/linitiative.ca\/International\/wp-json\/wp\/v2\/media?parent=140289"}],"wp:term":[{"taxonomy":"category","embeddable":true,"href":"https:\/\/linitiative.ca\/International\/wp-json\/wp\/v2\/categories?post=140289"},{"taxonomy":"post_tag","embeddable":true,"href":"https:\/\/linitiative.ca\/International\/wp-json\/wp\/v2\/tags?post=140289"}],"curies":[{"name":"wp","href":"https:\/\/api.w.org\/{rel}","templated":true}]}}