{"id":140291,"date":"2022-02-07T17:06:39","date_gmt":"2022-02-07T22:06:39","guid":{"rendered":"https:\/\/linitiative.ca\/International\/dissolution-des-collectivites-territoriales-des-citoyens-se-prononcent\/"},"modified":"2022-02-07T17:06:39","modified_gmt":"2022-02-07T22:06:39","slug":"dissolution-des-collectivites-territoriales-des-citoyens-se-prononcent","status":"publish","type":"post","link":"https:\/\/linitiative.ca\/International\/dissolution-des-collectivites-territoriales-des-citoyens-se-prononcent\/","title":{"rendered":"Dissolution des collectivit\u00e9s territoriales : des  citoyens se prononcent"},"content":{"rendered":"<div>\n<p><strong>A la suite de la dissolution des collectivit\u00e9s territoriales, des citoyens souhaitent que les d\u00e9l\u00e9gations sp\u00e9ciales qui seront mises en place privil\u00e9gient les int\u00e9r\u00eats des populations et adoptent une gouvernance vertueuse.<\/strong><\/p>\n<p>\u00ab Que les politiciens ne monopolisent pas ces d\u00e9l\u00e9gations sp\u00e9ciales \u00bb, Aoupaour\u00e9 Akouwerabou, coordonnateur provincial des OSC du Nahouri \u00ab La dissolution des collectivit\u00e9s territoriales est une suite logique des choses. Car l\u2019Assembl\u00e9e nationale ayant \u00e9t\u00e9 dissoute, les conseils des collectivit\u00e9s doivent suivre. Ce que nous attendons maintenant et nous allons y veiller, en tant qu\u2019organisation de la soci\u00e9t\u00e9 civile, c\u2019est que les d\u00e9l\u00e9gations sp\u00e9ciales qui seront mises en place travaillent pour l\u2019int\u00e9r\u00eat du peuple et qu\u2019elles aient une gouvernance vertueuse. Que les politiciens ne monopolisent pas ces d\u00e9l\u00e9gations sp\u00e9ciales. Et notre suggestion, \u00e0 ce sujet, est que l\u2019on r\u00e9vise l\u2019arr\u00eat\u00e9 relatif \u00e0 la mise en place desdites d\u00e9l\u00e9gations. Etant donn\u00e9 que la plupart des responsables des structures d\u00e9concentr\u00e9es sont des politiques, ils pourraient bien influencer les d\u00e9cisions \u00bb.<\/p>\n<p>\u00ab Quand il s\u2019agit de l\u2019administration qui prend en main les communes, les partenaires sont moins confiants \u00bb, Emile Gouba, inspecteur de l\u2019enseignement secondaire \u00ab Les d\u00e9l\u00e9gations sp\u00e9ciales vont \u00eatre mises en place pour r\u00e9pondre \u00e0 un imp\u00e9ratif du moment. Ce sont des structures transitoires et dans ce sens, l\u2019administration locale est vraiment indiqu\u00e9e pour assurer cette transition. Ce sera sans doute une continuit\u00e9 du travail des ex\u00e9cutifs locaux mais l\u2019une des inqui\u00e9tudes est que, quand il s\u2019agit de l\u2019administration qui prend en main les communes, les partenaires sont moins confiants \u00bb.<\/p>\n<p>\u00ab Cela permettra au MPSR de travailler tranquillement \u00bb, Daouda Zall\u00e9, Porte-parole de la coordination r\u00e9gionale des OSC du Nord \u00ab Par rapport \u00e0 la fin des fonctions des maires et la mise en place des d\u00e9l\u00e9gations sp\u00e9ciales, je pense que c\u2019est une bonne chose. Vu que le gouvernement a \u00e9t\u00e9 dissout, il \u00e9tait temps qu\u2019eux aussi soient dissouts. Cela permettra au MPSR de travailler en toute tranquillit\u00e9 parce qu\u2019ils n\u2019auront pas l\u2019influence des politiques \u00bb.<\/p>\n<p style=\"text-align: right\"><strong>Propos recueillis par <\/strong><\/p>\n<p style=\"text-align: right\"><strong>Fleur BIRBA <\/strong><\/p>\n<p style=\"text-align: right\"><strong>Mahamadi ZANGO <\/strong><\/p>\n<p>L\u2019article <a rel=\"nofollow\" href=\"https:\/\/www.sidwaya.info\/blog\/2022\/02\/07\/dissolution-des-collectivites-territoriales-des-citoyens-se-prononcent\/\">Dissolution des collectivit\u00e9s territoriales : des  citoyens se prononcent<\/a> est apparu en premier sur <a rel=\"nofollow\" href=\"https:\/\/www.sidwaya.info\/\">Quotidien Sidwaya<\/a>.<\/p>\n<\/div>\n<p>Auteur: JK. Sidwaya<br \/>\n<a href=\"https:\/\/www.sidwaya.info\/blog\/2022\/02\/07\/dissolution-des-collectivites-territoriales-des-citoyens-se-prononcent\/?utm_source=rss&#038;utm_medium=rss&#038;utm_campaign=dissolution-des-collectivites-territoriales-des-citoyens-se-prononcent\">Cliquez ici pour lire l&rsquo;article depuis sa source.<\/a><\/p>\n","protected":false},"excerpt":{"rendered":"<p>A la suite de la dissolution des collectivit\u00e9s territoriales, des citoyens souhaitent que les d\u00e9l\u00e9gations sp\u00e9ciales qui seront mises en place privil\u00e9gient les int\u00e9r\u00eats des populations et adoptent une gouvernance vertueuse. \u00ab Que les politiciens ne monopolisent pas ces d\u00e9l\u00e9gations sp\u00e9ciales \u00bb, Aoupaour\u00e9 Akouwerabou, coordonnateur provincial des OSC du Nahouri \u00ab La dissolution des collectivit\u00e9s [&hellip;]<\/p>\n","protected":false},"author":1816,"featured_media":0,"comment_status":"closed","ping_status":"closed","sticky":false,"template":"","format":"standard","meta":{"fifu_image_url":"","fifu_image_alt":"","footnotes":""},"categories":[73,81],"tags":[],"class_list":["post-140291","post","type-post","status-publish","format-standard","hentry","category-actualite","category-burkina-faso"],"_links":{"self":[{"href":"https:\/\/linitiative.ca\/International\/wp-json\/wp\/v2\/posts\/140291","targetHints":{"allow":["GET"]}}],"collection":[{"href":"https:\/\/linitiative.ca\/International\/wp-json\/wp\/v2\/posts"}],"about":[{"href":"https:\/\/linitiative.ca\/International\/wp-json\/wp\/v2\/types\/post"}],"author":[{"embeddable":true,"href":"https:\/\/linitiative.ca\/International\/wp-json\/wp\/v2\/users\/1816"}],"replies":[{"embeddable":true,"href":"https:\/\/linitiative.ca\/International\/wp-json\/wp\/v2\/comments?post=140291"}],"version-history":[{"count":0,"href":"https:\/\/linitiative.ca\/International\/wp-json\/wp\/v2\/posts\/140291\/revisions"}],"wp:attachment":[{"href":"https:\/\/linitiative.ca\/International\/wp-json\/wp\/v2\/media?parent=140291"}],"wp:term":[{"taxonomy":"category","embeddable":true,"href":"https:\/\/linitiative.ca\/International\/wp-json\/wp\/v2\/categories?post=140291"},{"taxonomy":"post_tag","embeddable":true,"href":"https:\/\/linitiative.ca\/International\/wp-json\/wp\/v2\/tags?post=140291"}],"curies":[{"name":"wp","href":"https:\/\/api.w.org\/{rel}","templated":true}]}}