{"id":140296,"date":"2022-02-07T17:33:43","date_gmt":"2022-02-07T22:33:43","guid":{"rendered":"https:\/\/linitiative.ca\/International\/situation-nationale-de-jeunes-taximen-soutiennent-le-mpsr\/"},"modified":"2022-02-07T17:33:43","modified_gmt":"2022-02-07T22:33:43","slug":"situation-nationale-de-jeunes-taximen-soutiennent-le-mpsr","status":"publish","type":"post","link":"https:\/\/linitiative.ca\/International\/situation-nationale-de-jeunes-taximen-soutiennent-le-mpsr\/","title":{"rendered":"Situation nationale : de jeunes taximen soutiennent le MPSR"},"content":{"rendered":"<div>\n<p><strong>L\u2019Association des jeunes conducteurs de taxi (AJCT) a tenu une conf\u00e9rence de presse, le dimanche 6 f\u00e9vrier 2022, \u00e0 Ouagadougou, pour apporter son soutien au Mouvement patriotique pour la sauvegarde et la restauration (MPSR).<\/strong><\/p>\n<p>Apr\u00e8s le coup d\u2019Etat du 24 janvier 2022, les rencontres de soutien aux nouvelles autorit\u00e9s se succ\u00e8dent. Le dimanche 6 f\u00e9vrier 2022, \u00e0 Ouagadougou, c\u2019\u00e9tait au tour de l\u2019Association des jeunes conducteurs de taxi (AJCT) d\u2019animer une conf\u00e9rence de presse pour marquer son soutien au Mouvement patriotique pour la sauvegarde et la restauration (MPSR) du lieutenant-colonel Paul Henri Sandaogo Damiba, chef de l\u2019Etat. Pour le pr\u00e9sident de l\u2019AJCT, Moumouni Ou\u00e9draogo, face aux r\u00e9cents \u00e9v\u00e8nements, son association ne pouvait pas rester en marge. A l\u2019en croire, la rencontre est une mani\u00e8re pour sa structure d\u2019apporter sa touche pour la construction de la Nation.<\/p>\n<p>\u00ab\u00a0Le pr\u00e9sident du MPSR, Paul Henri Sandaogo Damiba, a demand\u00e9 de l\u2019accompagner dans sa mission. Pour cela, nous devons le soutenir. L\u2019essentiel pour nous c\u2019est le retour de la paix au Burkina Faso\u00a0\u00bb, a-t-il fait savoir. M. Ou\u00e9draogo a rappel\u00e9 qu\u2019au regard de la d\u00e9gradation de la situation nationale due \u00e0 l\u2019ins\u00e9curit\u00e9, son association avait envoy\u00e9 un message le 19 novembre 2022 \u00e0 l\u2019ex-Pr\u00e9sident, Roch Marc Christian Kabor\u00e9. A l\u2019\u00e9couter, dans cette lettre, il \u00e9tait question de revoir l\u2019organisation de l\u2019arm\u00e9e, en faisant appel aux jeunes militaires pour le commandement. \u00ab\u00a0Nous avons demand\u00e9 des jeunes et ils sont arriv\u00e9s au pouvoir. C\u2019est donc notre devoir de les soutenir\u00bb, a-t-il soulign\u00e9. Vous apportez votre soutien aux nouvelles autorit\u00e9s, quelles seront vos actions sur le terrain pour accompagner le mouvement\u00a0? A cette pr\u00e9occupation de l\u2019un des journalistes, M. Ou\u00e9draogo a indiqu\u00e9 qu\u2019il compte mettre l\u2019accent sur \u00a0la sensibilisation pour inviter les jeunes \u00e0 ne pas se faire recruter par les groupes terroristes.<\/p>\n<p>Le conseiller de l\u2019AJCT, Th\u00e9odore Ou\u00e9draogo, a \u00e9galement demand\u00e9 aux nouvelles autorit\u00e9s de prendre en compte les pr\u00e9occupations des taximen parce qu\u2019ils jouent un r\u00f4le important dans la ville. \u00ab Nous sommes une association et nous avons besoin de formations par rapport \u00e0 nos activit\u00e9s de transport de passagers. Nous sommes des ambulanciers et les \u00e9trangers qui arrivent avec des bagages, nous devons savoir comment nous y prendre \u00bb, a-t-il pr\u00e9cis\u00e9. Vous soutenez le nouveau pouvoir tout en lui demandant de tenir compte de vous, le pouvoir est-il un g\u00e2teau \u00e0 partager ? A cette question, le pr\u00e9sident de l\u2019association a fait savoir que pour le moment, la principale pr\u00e9occupation de l\u2019AJCT est la s\u00e9curisation du pays et le retour des d\u00e9plac\u00e9s internes.<\/p>\n<p style=\"text-align: right\"><strong>Aly SAWADOGO<\/strong><\/p>\n<p>L\u2019article <a rel=\"nofollow\" href=\"https:\/\/www.sidwaya.info\/blog\/2022\/02\/07\/situation-nationale-de-jeunes-taximen-soutiennent-le-mpsr\/\">Situation nationale : de jeunes taximen soutiennent le MPSR<\/a> est apparu en premier sur <a rel=\"nofollow\" href=\"https:\/\/www.sidwaya.info\/\">Quotidien Sidwaya<\/a>.<\/p>\n<\/div>\n<p>Auteur: JK. Sidwaya<br \/>\n<a href=\"https:\/\/www.sidwaya.info\/blog\/2022\/02\/07\/situation-nationale-de-jeunes-taximen-soutiennent-le-mpsr\/?utm_source=rss&#038;utm_medium=rss&#038;utm_campaign=situation-nationale-de-jeunes-taximen-soutiennent-le-mpsr\">Cliquez ici pour lire l&rsquo;article depuis sa source.<\/a><\/p>\n","protected":false},"excerpt":{"rendered":"<p>L\u2019Association des jeunes conducteurs de taxi (AJCT) a tenu une conf\u00e9rence de presse, le dimanche 6 f\u00e9vrier 2022, \u00e0 Ouagadougou, pour apporter son soutien au Mouvement patriotique pour la sauvegarde et la restauration (MPSR). Apr\u00e8s le coup d\u2019Etat du 24 janvier 2022, les rencontres de soutien aux nouvelles autorit\u00e9s se succ\u00e8dent. Le dimanche 6 f\u00e9vrier [&hellip;]<\/p>\n","protected":false},"author":1816,"featured_media":0,"comment_status":"closed","ping_status":"closed","sticky":false,"template":"","format":"standard","meta":{"fifu_image_url":"","fifu_image_alt":"","footnotes":""},"categories":[73,81],"tags":[],"class_list":["post-140296","post","type-post","status-publish","format-standard","hentry","category-actualite","category-burkina-faso"],"_links":{"self":[{"href":"https:\/\/linitiative.ca\/International\/wp-json\/wp\/v2\/posts\/140296","targetHints":{"allow":["GET"]}}],"collection":[{"href":"https:\/\/linitiative.ca\/International\/wp-json\/wp\/v2\/posts"}],"about":[{"href":"https:\/\/linitiative.ca\/International\/wp-json\/wp\/v2\/types\/post"}],"author":[{"embeddable":true,"href":"https:\/\/linitiative.ca\/International\/wp-json\/wp\/v2\/users\/1816"}],"replies":[{"embeddable":true,"href":"https:\/\/linitiative.ca\/International\/wp-json\/wp\/v2\/comments?post=140296"}],"version-history":[{"count":0,"href":"https:\/\/linitiative.ca\/International\/wp-json\/wp\/v2\/posts\/140296\/revisions"}],"wp:attachment":[{"href":"https:\/\/linitiative.ca\/International\/wp-json\/wp\/v2\/media?parent=140296"}],"wp:term":[{"taxonomy":"category","embeddable":true,"href":"https:\/\/linitiative.ca\/International\/wp-json\/wp\/v2\/categories?post=140296"},{"taxonomy":"post_tag","embeddable":true,"href":"https:\/\/linitiative.ca\/International\/wp-json\/wp\/v2\/tags?post=140296"}],"curies":[{"name":"wp","href":"https:\/\/api.w.org\/{rel}","templated":true}]}}