{"id":140297,"date":"2022-02-08T07:45:15","date_gmt":"2022-02-08T12:45:15","guid":{"rendered":"https:\/\/linitiative.ca\/International\/cancerologie-bientot-une-etude-sur-limpact-de-la-covid-19-sur-le-financement-et-lacces-aux-soins-doncologie\/"},"modified":"2022-02-08T07:45:15","modified_gmt":"2022-02-08T12:45:15","slug":"cancerologie-bientot-une-etude-sur-limpact-de-la-covid-19-sur-le-financement-et-lacces-aux-soins-doncologie","status":"publish","type":"post","link":"https:\/\/linitiative.ca\/International\/cancerologie-bientot-une-etude-sur-limpact-de-la-covid-19-sur-le-financement-et-lacces-aux-soins-doncologie\/","title":{"rendered":"Canc\u00e9rologie: Bient\u00f4t une \u00e9tude sur l\u2019impact de la Covid-19 sur le financement et l\u2019acc\u00e8s aux soins d\u2019oncologie"},"content":{"rendered":"<div>\n<p><img loading=\"lazy\" decoding=\"async\" width=\"300\" height=\"153\" src=\"https:\/\/linitiative.ca\/International\/wp-content\/uploads\/sites\/23\/2022\/02\/Cancerologie-Bientot-une-etude-sur-limpact-de-la-Covid-19-sur-le-financement-et-lacces-aux-soins-doncologie-300x153-1.jpg\" class=\"attachment-medium size-medium wp-post-image\" alt=\"\" srcset=\"https:\/\/linitiative.ca\/International\/wp-content\/uploads\/sites\/23\/2022\/02\/Cancerologie-Bientot-une-etude-sur-limpact-de-la-Covid-19-sur-le-financement-et-lacces-aux-soins-doncologie-300x153-1.jpg 300w, https:\/\/aujourdhui.ma\/wp-content\/uploads\/2022\/02\/Cancerologie-Bientot-une-etude-sur-limpact-de-la-Covid-19-sur-le-financement-et-lacces-aux-soins-doncologie-274x140.jpg 274w, https:\/\/aujourdhui.ma\/wp-content\/uploads\/2022\/02\/Cancerologie-Bientot-une-etude-sur-limpact-de-la-Covid-19-sur-le-financement-et-lacces-aux-soins-doncologie-746x380.jpg 746w, https:\/\/aujourdhui.ma\/wp-content\/uploads\/2022\/02\/Cancerologie-Bientot-une-etude-sur-limpact-de-la-Covid-19-sur-le-financement-et-lacces-aux-soins-doncologie-165x84.jpg 165w, https:\/\/aujourdhui.ma\/wp-content\/uploads\/2022\/02\/Cancerologie-Bientot-une-etude-sur-limpact-de-la-Covid-19-sur-le-financement-et-lacces-aux-soins-doncologie-702x358.jpg 702w, https:\/\/aujourdhui.ma\/wp-content\/uploads\/2022\/02\/Cancerologie-Bientot-une-etude-sur-limpact-de-la-Covid-19-sur-le-financement-et-lacces-aux-soins-doncologie.jpg 745w\" sizes=\"auto, (max-width: 300px) 100vw, 300px\"><\/p>\n<div class=\"base-box mom_box_sc_custom mom_box_sc clear\" style=\"-moz-border-radius: 5px; border-radius: 5px;background-color:#fdd8c6;\">\n\t\tSubventionn\u00e9e par le laboratoire am\u00e9ricain Merck Sharp and Dohme (MSD), l\u2019\u00e9tude est \u00e0 l\u2019initiative de l\u2019Universit\u00e9 Mohammed VI des sciences de la sant\u00e9 (UM6SS), l\u2019Institut de recherche sur le cancer (IRC) avec la collaboration de la Soci\u00e9t\u00e9 marocaine de l\u2019\u00e9conomie des produits de sant\u00e9 (SMEPS). Les r\u00e9sultats de ces recherches viseront \u00e0 orienter la politique future dans le domaine de l\u2019oncologie, en cas de pand\u00e9mie similaire \u00e0 celle de la Covid-19.<\/div>\n<p><span id=\"more-399305\"><\/span><\/p>\n<p>C\u2019est \u00e0 l\u2019initiative de l\u2019Universit\u00e9 Mohammed VI des sciences de la sant\u00e9 (UM6SS) et l\u2019Institut de recherche sur le cancer (IRC), en collaboration avec la Soci\u00e9t\u00e9 marocaine de l\u2019\u00e9conomie des produits de sant\u00e9 (SMEPS) que cette \u00e9tude de recherche sera effectu\u00e9e. Elle sera consacr\u00e9e \u00e0 \u00abl\u2019impact de la Covid-19 sur le financement et l\u2019acc\u00e8s aux soins d\u2019oncologie au Maroc\u00bb. Les travaux seront soutenus par le g\u00e9ant Merck Sharp and Dohme dont le si\u00e8ge est situ\u00e9 \u00e0 Kenilworth, dans le New Jersey, aux \u00c9tats-Unis. Depuis plus de 130 ans, le laboratoire produit des m\u00e9dicaments et des vaccins pour un grand nombre de maladies.<\/p>\n<p>Il est class\u00e9 dans le top 5 des laboratoires pharmaceutiques, \u00e0 travers le monde. L\u2019\u00e9tude en question a \u00e9t\u00e9 retenue parmi plusieurs travaux soumis dans le programme ind\u00e9pendant des subventions conform\u00e9ment \u00e0 la strat\u00e9gie du laboratoire am\u00e9ricain. Ax\u00e9e sur l\u2019encouragement de la recherche dans plusieurs domaines, sa politique vise, en effet, \u00e0 permettre aux institutions de renforcer leurs capacit\u00e9s en mati\u00e8re de recherche, d\u2019enseignement et de diffusion.<\/p>\n<p>C\u2019est dans cette philosophie pr\u00e9cis\u00e9ment que l\u2019\u00e9tude lanc\u00e9e par l\u2019UM6SS, l\u2019IRC et la SMEPS a \u00e9t\u00e9 retenue. Elle visera \u00e0 analyser l\u2019impact de la pand\u00e9mie de la Covid-19 sur la canc\u00e9rologie et \u00e0 explorer les approches possibles pour r\u00e9duire, dans le futur, les effets n\u00e9gatifs de crises sanitaires similaires sur les patients au Maroc. Le changement de paradigmes est, en effet, \u00e0 prendre en compte, d\u00e9sormais \u2026 Pour Pr Chakib Nejjari, pr\u00e9sident de l\u2019Universit\u00e9 Mohammed VI des sciences de la sant\u00e9, \u00abcette \u00e9tude s\u2019inscrit parfaitement dans les pr\u00e9rogatives de l\u2019UM6SS, \u00e0 savoir offrir une plateforme d\u2019\u00e9tudes et de recherches, puisqu\u2019il est ind\u00e9niable que la pand\u00e9mie de Covid-19 a \u00e9t\u00e9 un v\u00e9ritable ralentisseur de l\u2019acc\u00e8s aux soins et de l\u2019administration des traitements en canc\u00e9rologie, mais \u00e9galement dans d\u2019autres aires th\u00e9rapeutiques\u00bb.<\/p>\n<p>De son c\u00f4t\u00e9, Pr Samir Ahid, doyen de la Facult\u00e9 de pharmacie de l\u2019UM6SS et pr\u00e9sident de la SMEPS, a expliqu\u00e9 que \u00abcette \u00e9tude vise \u00e9galement \u00e0 aborder le financement de l\u2019introduction des technologies nouvelles de sant\u00e9, notamment dans le domaine de la canc\u00e9rologie. Elle permettra aussi d\u2019explorer des approches innovantes de tarification, de remboursement et de passation de march\u00e9s afin de d\u00e9terminer leur effet sur la r\u00e9duction du fardeau des co\u00fbts\u00bb. \u00abL\u2019impact de la pand\u00e9mie de Covid-19 a \u00e9t\u00e9 r\u00e9el sur les maladies chroniques en g\u00e9n\u00e9ral, et sur la canc\u00e9rologie en particulier. Cette \u00e9tude est pour nous l\u2019occasion d\u2019identifier les cons\u00e9quences, \u00e0 court et \u00e0 moyen termes et voir dans quelle mesure nous pourrons dans le futur \u00e9viter un retard quelconque dans l\u2019acc\u00e8s aux soins\u00bb, avancera, \u00e0 son tour, Pr Karim Ouldim, directeur de l\u2019Institut de recherche sur le cancer. Pour rappel, l\u2019Institut de recherche sur le cancer est un groupement d\u2019int\u00e9r\u00eat public d\u00e9di\u00e9 \u00e0 la recherche contre le cancer. L\u2019IRC, f\u00e9d\u00e9rateur et facilitateur de la recherche nationale dans les domaines de lutte contre le cancer, oeuvre pour \u00eatre un hub de recherche au service du citoyen.<\/p>\n<p>La Soci\u00e9t\u00e9 marocaine de l\u2019\u00e9conomie des produits de sant\u00e9 est pour sa part une soci\u00e9t\u00e9 savante \u00e0 but non lucratif, active entre autres dans la promotion de la formation continue dans l\u2019\u00e9conomie des produits de sant\u00e9 et dans l\u2019\u00e9valuation th\u00e9rapeutique. Elle intervient aussi dans la promotion de la recherche dans les disciplines de pharmaco-\u00e9conomie, l\u2019\u00e9conomie de sant\u00e9 et dans la coop\u00e9ration entre les diff\u00e9rents acteurs de la sant\u00e9. Les r\u00e9sultats de l\u2019\u00e9tude sont donc attendus avec impatience par toutes les parties prenantes dans le sens de l\u2019am\u00e9lioration de la prise en charge th\u00e9rapeutique des patients atteints de cancer. Les enjeux sont r\u00e9els car cette \u00e9tude tiendra compte d\u2019\u00e9ventuelles perturbations similaires \u00e0 l\u2019actuelle pand\u00e9mie.<\/p>\n<\/div>\n<p>Auteur: Dounia Essabban<br \/>\n<a href=\"https:\/\/aujourdhui.ma\/societe\/cancerologie-bientot-une-etude-sur-limpact-de-la-covid-19-sur-le-financement-et-lacces-aux-soins-doncologie\">Cliquez ici pour lire l&rsquo;article depuis sa source.<\/a><\/p>\n","protected":false},"excerpt":{"rendered":"<p>Subventionn\u00e9e par le laboratoire am\u00e9ricain Merck Sharp and Dohme (MSD), l\u2019\u00e9tude est \u00e0 l\u2019initiative de l\u2019Universit\u00e9 Mohammed VI des sciences de la sant\u00e9 (UM6SS), l\u2019Institut de recherche sur le cancer (IRC) avec la collaboration de la Soci\u00e9t\u00e9 marocaine de l\u2019\u00e9conomie des produits de sant\u00e9 (SMEPS). Les r\u00e9sultats de ces recherches viseront \u00e0 orienter la politique [&hellip;]<\/p>\n","protected":false},"author":1759,"featured_media":0,"comment_status":"closed","ping_status":"closed","sticky":false,"template":"","format":"standard","meta":{"fifu_image_url":"https:\/\/aujourdhui.ma\/wp-content\/uploads\/2022\/02\/Cancerologie-Bientot-une-etude-sur-limpact-de-la-Covid-19-sur-le-financement-et-lacces-aux-soins-doncologie-300x153.jpg","fifu_image_alt":"Canc\u00e9rologie: Bient\u00f4t une \u00e9tude sur l\u2019impact de la Covid-19 sur le financement et l\u2019acc\u00e8s aux soins d\u2019oncologie","footnotes":""},"categories":[73,54],"tags":[],"class_list":["post-140297","post","type-post","status-publish","format-standard","hentry","category-actualite","category-maroc"],"_links":{"self":[{"href":"https:\/\/linitiative.ca\/International\/wp-json\/wp\/v2\/posts\/140297","targetHints":{"allow":["GET"]}}],"collection":[{"href":"https:\/\/linitiative.ca\/International\/wp-json\/wp\/v2\/posts"}],"about":[{"href":"https:\/\/linitiative.ca\/International\/wp-json\/wp\/v2\/types\/post"}],"author":[{"embeddable":true,"href":"https:\/\/linitiative.ca\/International\/wp-json\/wp\/v2\/users\/1759"}],"replies":[{"embeddable":true,"href":"https:\/\/linitiative.ca\/International\/wp-json\/wp\/v2\/comments?post=140297"}],"version-history":[{"count":0,"href":"https:\/\/linitiative.ca\/International\/wp-json\/wp\/v2\/posts\/140297\/revisions"}],"wp:attachment":[{"href":"https:\/\/linitiative.ca\/International\/wp-json\/wp\/v2\/media?parent=140297"}],"wp:term":[{"taxonomy":"category","embeddable":true,"href":"https:\/\/linitiative.ca\/International\/wp-json\/wp\/v2\/categories?post=140297"},{"taxonomy":"post_tag","embeddable":true,"href":"https:\/\/linitiative.ca\/International\/wp-json\/wp\/v2\/tags?post=140297"}],"curies":[{"name":"wp","href":"https:\/\/api.w.org\/{rel}","templated":true}]}}