{"id":140303,"date":"2022-02-08T09:00:39","date_gmt":"2022-02-08T14:00:39","guid":{"rendered":"https:\/\/linitiative.ca\/International\/lespace-dexposition-de-la-memoire-dibn-battouta-ouvert-au-public\/"},"modified":"2022-02-08T09:00:39","modified_gmt":"2022-02-08T14:00:39","slug":"lespace-dexposition-de-la-memoire-dibn-battouta-ouvert-au-public","status":"publish","type":"post","link":"https:\/\/linitiative.ca\/International\/lespace-dexposition-de-la-memoire-dibn-battouta-ouvert-au-public\/","title":{"rendered":"L\u2019Espace d\u2019exposition de la m\u00e9moire d\u2019Ibn Battouta ouvert au public"},"content":{"rendered":"<div>\n<p><img loading=\"lazy\" decoding=\"async\" width=\"300\" height=\"153\" src=\"https:\/\/linitiative.ca\/International\/wp-content\/uploads\/sites\/23\/2022\/02\/LEspace-dexposition-de-la-memoire-dIbn-Battouta-ouvert-au-public-300x153-1.jpg\" class=\"attachment-medium size-medium wp-post-image\" alt=\"\" srcset=\"https:\/\/linitiative.ca\/International\/wp-content\/uploads\/sites\/23\/2022\/02\/LEspace-dexposition-de-la-memoire-dIbn-Battouta-ouvert-au-public-300x153-1.jpg 300w, https:\/\/aujourdhui.ma\/wp-content\/uploads\/2022\/02\/LEspace-dexposition-de-la-memoire-dIbn-Battouta-ouvert-au-public-274x140.jpg 274w, https:\/\/aujourdhui.ma\/wp-content\/uploads\/2022\/02\/LEspace-dexposition-de-la-memoire-dIbn-Battouta-ouvert-au-public.jpg 746w, https:\/\/aujourdhui.ma\/wp-content\/uploads\/2022\/02\/LEspace-dexposition-de-la-memoire-dIbn-Battouta-ouvert-au-public-165x84.jpg 165w, https:\/\/aujourdhui.ma\/wp-content\/uploads\/2022\/02\/LEspace-dexposition-de-la-memoire-dIbn-Battouta-ouvert-au-public-702x358.jpg 702w\" sizes=\"auto, (max-width: 300px) 100vw, 300px\"><\/p>\n<p><strong><span style=\"color: #800000;\">D\u2019un investissement de 15 millions DH, ce projet vient enrichir l\u2019offre culturelle<\/span> et touristique de Tanger<\/strong><span id=\"more-399278\"><\/span><\/p>\n<p>Situ\u00e9 au coeur du site historique Borj En-Na\u00e2m, notamment au Nord-Ouest de la Kasbah de Tanger, l\u2019Espace d\u2019exposition de la m\u00e9moire d\u2019Ibn Battouta vient d\u2019\u00eatre inaugur\u00e9 en grande pompe, jeudi 3 f\u00e9vrier, en hommage au c\u00e9l\u00e8bre voyageur tang\u00e9rois. D\u2019une enveloppe budg\u00e9taire globale de 15 millions de dirhams, les travaux de restauration et de r\u00e9habilitation men\u00e9s par la Soci\u00e9t\u00e9 d\u2019am\u00e9nagement pour la reconversion de la zone portuaire de Tanger ont permis, selon la SAPT, de donner une nouvelle vie \u00e0 ce Borj, enrichir ainsi l\u2019offre touristique et culturelle de Tanger et am\u00e9liorer l\u2019attractivit\u00e9 de la destination \u00e0 l\u2019\u00e9chelle nationale et internationale.<\/p>\n<p>\u00abCet espace contribuera, sans aucun doute, au renforcement de l\u2019attractivit\u00e9 touristique de la ville de Tanger, en lui permettant, \u00e0 terme, d\u2019occuper la place qui lui \u00e9choit dans la M\u00e9diterran\u00e9e et \u00e0 l\u2019\u00e9chelle internationale, en particulier dans le domaine du tourisme\u00bb, a soulign\u00e9 Mohammed Ouanaya, PDG de la SAPT. Ce projet intervient dans le cadre du programme de r\u00e9habilitation et de valorisation de l\u2019ancienne m\u00e9dina de Tanger 2020- 2024, qui vise, entre autres, \u00e0 contribuer au renforcement de la dynamique de d\u00e9veloppement que conna\u00eet Tanger et particuli\u00e8rement l\u2019ancienne m\u00e9dina, son attractivit\u00e9 \u00e9conomique, touristique et culturelle et la promotion de son patrimoine civilisationnel et humain. \u00abLa SAPT a adh\u00e9r\u00e9 pleinement \u00e0 cette dynamique en faisant de ce programme une composante ma\u00eetresse du projet de reconversion \u00e0 travers la r\u00e9alisation d\u2019un projet ambitieux de restauration et de mise en valeur de la M\u00e9dina, notamment le Borj En-Na\u00e2m\u00bb, a fait savoir l\u2019\u00e9quipe de la SAPT.<\/p>\n<p>Par ailleurs, un Comit\u00e9 scientifique pour la validation des \u00e9tudes sc\u00e9nographiques et des contenus culturels a \u00e9t\u00e9 mis en place en 2020 pour le choix des th\u00e9matiques de cette exposition portant sur la pr\u00e9sentation du contexte politique au Maroc au 14\u00e8me si\u00e8cle, la biographie d\u2019Ibn Battouta, les cartes et la frise chronologique de ses trois voyages, son ouvrage \u00abRihla\u00bb (contexte de sa r\u00e9daction, Ibn Jouzzay la plume d\u2019Ibn Battouta, exemplaires du livre en diff\u00e9rentes langues, manuscrit), les personnalit\u00e9s rencontr\u00e9es lors de ses voyages (politiques, religieuses, les grands empires du monde du XIV\u00e8me si\u00e8cles visit\u00e9s) ainsi que les moyens de transport utilis\u00e9s par ce personnage mythique (chameaux, cheval, bateaux, caravane et caravans\u00e9rail, outils de navigation).<\/p>\n<p>\u00abCe projet a pu voir le jour gr\u00e2ce \u00e0 l\u2019implication et le soutien de monsieur le wali de la r\u00e9gion Tanger-T\u00e9touan-Al Hoceima et aussi gr\u00e2ce \u00e0 la contribution de l\u2019ensemble des acteurs concern\u00e9s : les \u00e9lus, les autorit\u00e9s locales, l\u2019Agence de d\u00e9veloppement du Nord, la Direction des domaines de l\u2019Etat, d\u00e9l\u00e9gation de la Culture, architectes, bureaux d\u2019\u00e9tudes, bureau de contr\u00f4le, laboratoire, arch\u00e9ologue, sc\u00e9nographe, le Comit\u00e9 scientifique, les entreprises de travaux, ainsi qu\u2019aux repr\u00e9sentants de la soci\u00e9t\u00e9 civile\u00bb, a fait part la m\u00eame source, tout en tenant \u00e0 exprimer ses remerciements \u00e0 Bank Al-Maghrib et la Fondation Abdelhadi Tazi pour \u00ableur contribution et la mise \u00e0 disposition d\u2019objets historiques qui ont permis d\u2019enrichir cette exposition\u00bb.<\/p>\n<\/div>\n<p>Auteur: Najat Fa\u00efssal<br \/>\n<a href=\"https:\/\/aujourdhui.ma\/culture\/lespace-dexposition-de-la-memoire-dibn-battouta-ouvert-au-public\">Cliquez ici pour lire l&rsquo;article depuis sa source.<\/a><\/p>\n","protected":false},"excerpt":{"rendered":"<p>D\u2019un investissement de 15 millions DH, ce projet vient enrichir l\u2019offre culturelle et touristique de Tanger Situ\u00e9 au coeur du site historique Borj En-Na\u00e2m, notamment au Nord-Ouest de la Kasbah de Tanger, l\u2019Espace d\u2019exposition de la m\u00e9moire d\u2019Ibn Battouta vient d\u2019\u00eatre inaugur\u00e9 en grande pompe, jeudi 3 f\u00e9vrier, en hommage au c\u00e9l\u00e8bre voyageur tang\u00e9rois. D\u2019une [&hellip;]<\/p>\n","protected":false},"author":1759,"featured_media":0,"comment_status":"closed","ping_status":"closed","sticky":false,"template":"","format":"standard","meta":{"fifu_image_url":"https:\/\/aujourdhui.ma\/wp-content\/uploads\/2022\/02\/LEspace-dexposition-de-la-memoire-dIbn-Battouta-ouvert-au-public-300x153.jpg","fifu_image_alt":"L\u2019Espace d\u2019exposition de la m\u00e9moire d\u2019Ibn Battouta ouvert au public","footnotes":""},"categories":[73,54],"tags":[],"class_list":["post-140303","post","type-post","status-publish","format-standard","hentry","category-actualite","category-maroc"],"_links":{"self":[{"href":"https:\/\/linitiative.ca\/International\/wp-json\/wp\/v2\/posts\/140303","targetHints":{"allow":["GET"]}}],"collection":[{"href":"https:\/\/linitiative.ca\/International\/wp-json\/wp\/v2\/posts"}],"about":[{"href":"https:\/\/linitiative.ca\/International\/wp-json\/wp\/v2\/types\/post"}],"author":[{"embeddable":true,"href":"https:\/\/linitiative.ca\/International\/wp-json\/wp\/v2\/users\/1759"}],"replies":[{"embeddable":true,"href":"https:\/\/linitiative.ca\/International\/wp-json\/wp\/v2\/comments?post=140303"}],"version-history":[{"count":0,"href":"https:\/\/linitiative.ca\/International\/wp-json\/wp\/v2\/posts\/140303\/revisions"}],"wp:attachment":[{"href":"https:\/\/linitiative.ca\/International\/wp-json\/wp\/v2\/media?parent=140303"}],"wp:term":[{"taxonomy":"category","embeddable":true,"href":"https:\/\/linitiative.ca\/International\/wp-json\/wp\/v2\/categories?post=140303"},{"taxonomy":"post_tag","embeddable":true,"href":"https:\/\/linitiative.ca\/International\/wp-json\/wp\/v2\/tags?post=140303"}],"curies":[{"name":"wp","href":"https:\/\/api.w.org\/{rel}","templated":true}]}}