{"id":14031,"date":"2019-02-14T04:06:17","date_gmt":"2019-02-14T09:06:17","guid":{"rendered":"https:\/\/linitiative.ca\/International\/tunisie-deficit-en-janvier-de-la-balance-commerciale-alimentaire-selon-le-ministere-de-lagriculture\/"},"modified":"2019-02-14T04:06:17","modified_gmt":"2019-02-14T09:06:17","slug":"tunisie-deficit-en-janvier-de-la-balance-commerciale-alimentaire-selon-le-ministere-de-lagriculture","status":"publish","type":"post","link":"https:\/\/linitiative.ca\/International\/tunisie-deficit-en-janvier-de-la-balance-commerciale-alimentaire-selon-le-ministere-de-lagriculture\/","title":{"rendered":"Tunisie: D\u00e9ficit en janvier de la balance commerciale alimentaire, selon le minist\u00e8re de l\u2019Agriculture"},"content":{"rendered":"<div class=\"post-cont-in left relative\">\n<div class=\"nc_socialPanel swp_flatFresh swp_d_fullColor swp_i_fullColor swp_o_fullColor scale-100 scale-fullWidth\" data-position=\"none\" data-float=\"floatNone\" data-count=\"5\" data-floatcolor=\"#ffffff\" data-emphasize=\"0\">\n<div class=\"nc_tweetContainer totes totesalt\" data-id=\"6\"><span class=\"swp_count\"><span class=\"swp_label\">Partages<\/span> 6<\/span><\/div>\n<\/div>\n<p>La valeur des importations des produits alimentaires en janvier 2019 a augment\u00e9 de 35,8% par rapport \u00e0 la m\u00eame p\u00e9riode l\u2019an dernier, selon le minist\u00e8re de l\u2019Agriculture, de la p\u00eache et des ressources hydrauliques, assurant que le ratio importations \/ exportations sur la balance commerciale \u00e9tait de 74,1% en janvier 2019, contre 118,7% pour la m\u00eame p\u00e9riode en 2018.<\/p>\n<p>Dans un communiqu\u00e9 de presse, le minist\u00e8re a attribu\u00e9 cette hausse importante de 35,8% \u00e0 la valeur des importations de produits alimentaires et \u00e0 la contraction de leurs exportations de 15,3% en raison de la baisse de la production, ce qui a entra\u00een\u00e9 un d\u00e9ficit budg\u00e9taire de 142,9 millions de dinars (9%) du total du d\u00e9ficit de la balance commerciale.<\/p>\n<div class=\"code-block code-block-1 c4\"><ins class=\"adsbygoogle c3\" data-ad-layout=\"in-article\" data-ad-format=\"fluid\" data-ad-client=\"ca-pub-2102118777505746\" data-ad-slot=\"7301775417\"\/> <\/div>\n<p>Les exportations de produits alimentaires ,au cours du mois de janvier 2019, ont diminu\u00e9 de 15,3% par rapport \u00e0 la m\u00eame p\u00e9riode en 2018, en raison de la baisse des ventes d\u2019huile d\u2019olive de 38% en valeur (145,5 millions contre 236,2 millions en janvier 2018 et 31% en quantit\u00e9), en l\u2019occurrence, 16,1 mille tonnes contre 23,3 mille tonnes.<\/p>\n<p>Le minist\u00e8re a soulign\u00e9 que, sans tenir compte des revenus de l\u2019huile d\u2019olive, les exportations de produits alimentaires ont augment\u00e9 de 7%, gr\u00e2ce \u00e0 la croissance des revenus des produits de la mer de 20%, des dattes ant\u00e9rieures de 19% et des agrumes de 17%, ainsi qu\u2019\u00e0 l\u2019am\u00e9lioration de la valeur des exportations de l\u00e9gumes frais de 12% et les conserves de l\u00e9gumes, fruits et poissons de 43%, en plus du doublement de la valeur des exportations de p\u00e2tes alimentaires \u00e0 32 millions, en janvier 2019.<\/p>\n<div class=\"mvp-org-wrap mvp-org-logo\" itemprop=\"publisher\" itemscope=\"\" itemtype=\"https:\/\/schema.org\/Organization\"><img decoding=\"async\" src=\"https:\/\/www.tunisienumerique.com\/wp-content\/uploads\/2017\/02\/logo_tunisie_numerique.png\"\/><\/div>\n<div class=\"nc_socialPanel swp_flatFresh swp_d_fullColor swp_i_fullColor swp_o_fullColor scale-100 scale-fullWidth\" data-position=\"none\" data-float=\"floatNone\" data-count=\"5\" data-floatcolor=\"#ffffff\" data-emphasize=\"0\">\n<div class=\"nc_tweetContainer totes totesalt\" data-id=\"6\"><span class=\"swp_count\"><span class=\"swp_label\">Partages<\/span> 6<\/span><\/div>\n<\/div>\n<div class=\"mvp-related-posts left relative\">\n<h4 class=\"post-header\"><span class=\"post-header\">Lire aussi<\/span><\/h4>\n<\/div>\n<\/div>\n<p>Auteur: Mourad S<br \/>\n<a href=\"https:\/\/www.tunisienumerique.com\/tunisie-deficit-en-janvier-de-la-balance-commerciale-alimentaire-selon-le-ministere-de-lagriculture\/\">Cliquez ici pour lire l&rsquo;article depuis sa source.<\/a><\/p>\n","protected":false},"excerpt":{"rendered":"<p>Partages 6 La valeur des importations des produits alimentaires en janvier 2019 a augment\u00e9 de 35,8% par rapport \u00e0 la m\u00eame p\u00e9riode l\u2019an dernier, selon le minist\u00e8re de l\u2019Agriculture, de la p\u00eache et des ressources hydrauliques, assurant que le ratio importations \/ exportations sur la balance commerciale \u00e9tait de 74,1% en janvier 2019, contre 118,7% [&hellip;]<\/p>\n","protected":false},"author":1789,"featured_media":14035,"comment_status":"closed","ping_status":"closed","sticky":false,"template":"","format":"standard","meta":{"fifu_image_url":"","fifu_image_alt":"","footnotes":""},"categories":[73,55],"tags":[],"class_list":["post-14031","post","type-post","status-publish","format-standard","has-post-thumbnail","hentry","category-actualite","category-tunisie"],"_links":{"self":[{"href":"https:\/\/linitiative.ca\/International\/wp-json\/wp\/v2\/posts\/14031","targetHints":{"allow":["GET"]}}],"collection":[{"href":"https:\/\/linitiative.ca\/International\/wp-json\/wp\/v2\/posts"}],"about":[{"href":"https:\/\/linitiative.ca\/International\/wp-json\/wp\/v2\/types\/post"}],"author":[{"embeddable":true,"href":"https:\/\/linitiative.ca\/International\/wp-json\/wp\/v2\/users\/1789"}],"replies":[{"embeddable":true,"href":"https:\/\/linitiative.ca\/International\/wp-json\/wp\/v2\/comments?post=14031"}],"version-history":[{"count":0,"href":"https:\/\/linitiative.ca\/International\/wp-json\/wp\/v2\/posts\/14031\/revisions"}],"wp:featuredmedia":[{"embeddable":true,"href":"https:\/\/linitiative.ca\/International\/wp-json\/"}],"wp:attachment":[{"href":"https:\/\/linitiative.ca\/International\/wp-json\/wp\/v2\/media?parent=14031"}],"wp:term":[{"taxonomy":"category","embeddable":true,"href":"https:\/\/linitiative.ca\/International\/wp-json\/wp\/v2\/categories?post=14031"},{"taxonomy":"post_tag","embeddable":true,"href":"https:\/\/linitiative.ca\/International\/wp-json\/wp\/v2\/tags?post=14031"}],"curies":[{"name":"wp","href":"https:\/\/api.w.org\/{rel}","templated":true}]}}