{"id":140312,"date":"2022-02-08T11:00:00","date_gmt":"2022-02-08T16:00:00","guid":{"rendered":"https:\/\/linitiative.ca\/International\/explosion-dain-oulmene-setif-3-personnes-en-detention-preventive\/"},"modified":"2022-02-08T11:00:00","modified_gmt":"2022-02-08T16:00:00","slug":"explosion-dain-oulmene-setif-3-personnes-en-detention-preventive","status":"publish","type":"post","link":"https:\/\/linitiative.ca\/International\/explosion-dain-oulmene-setif-3-personnes-en-detention-preventive\/","title":{"rendered":"Explosion d&rsquo;Ain Oulm\u00e8ne (S\u00e9tif): 3 personnes en d\u00e9tention pr\u00e9ventive"},"content":{"rendered":"<div>Le procureur de la R\u00e9publique pr\u00e8s le tribunal d&rsquo;Ain Oulm\u00e8ne (Sud de S\u00e9tif), Amine Limane, a indiqu\u00e9 mardi que trois personnes ont \u00e9t\u00e9 plac\u00e9es en d\u00e9tention pr\u00e9ventive dans l&rsquo;affaire de l&rsquo;explosion d&rsquo;Ain Oulm\u00e8ne le 1er f\u00e9vrier dernier<\/div>\n<p>Auteur:<br \/>\n<a href=\"https:\/\/www.liberte-algerie.com\/actualite\/explosion-dain-oulmene-setif-3-personnes-en-detention-preventive-373015\">Cliquez ici pour lire l&rsquo;article depuis sa source.<\/a><\/p>\n","protected":false},"excerpt":{"rendered":"<p>Le procureur de la R\u00e9publique pr\u00e8s le tribunal d&rsquo;Ain Oulm\u00e8ne (Sud de S\u00e9tif), Amine Limane, a indiqu\u00e9 mardi que trois personnes ont \u00e9t\u00e9 plac\u00e9es en d\u00e9tention pr\u00e9ventive dans l&rsquo;affaire de l&rsquo;explosion d&rsquo;Ain Oulm\u00e8ne le 1er f\u00e9vrier dernier Auteur: Cliquez ici pour lire l&rsquo;article depuis sa source.<\/p>\n","protected":false},"author":1742,"featured_media":0,"comment_status":"closed","ping_status":"closed","sticky":false,"template":"","format":"standard","meta":{"fifu_image_url":"","fifu_image_alt":"","footnotes":""},"categories":[73,53],"tags":[],"class_list":["post-140312","post","type-post","status-publish","format-standard","hentry","category-actualite","category-algerie"],"_links":{"self":[{"href":"https:\/\/linitiative.ca\/International\/wp-json\/wp\/v2\/posts\/140312","targetHints":{"allow":["GET"]}}],"collection":[{"href":"https:\/\/linitiative.ca\/International\/wp-json\/wp\/v2\/posts"}],"about":[{"href":"https:\/\/linitiative.ca\/International\/wp-json\/wp\/v2\/types\/post"}],"author":[{"embeddable":true,"href":"https:\/\/linitiative.ca\/International\/wp-json\/wp\/v2\/users\/1742"}],"replies":[{"embeddable":true,"href":"https:\/\/linitiative.ca\/International\/wp-json\/wp\/v2\/comments?post=140312"}],"version-history":[{"count":0,"href":"https:\/\/linitiative.ca\/International\/wp-json\/wp\/v2\/posts\/140312\/revisions"}],"wp:attachment":[{"href":"https:\/\/linitiative.ca\/International\/wp-json\/wp\/v2\/media?parent=140312"}],"wp:term":[{"taxonomy":"category","embeddable":true,"href":"https:\/\/linitiative.ca\/International\/wp-json\/wp\/v2\/categories?post=140312"},{"taxonomy":"post_tag","embeddable":true,"href":"https:\/\/linitiative.ca\/International\/wp-json\/wp\/v2\/tags?post=140312"}],"curies":[{"name":"wp","href":"https:\/\/api.w.org\/{rel}","templated":true}]}}