{"id":140316,"date":"2022-02-08T11:14:51","date_gmt":"2022-02-08T16:14:51","guid":{"rendered":"https:\/\/linitiative.ca\/International\/migration-irreguliere-la-marine-royale-porte-assistance-a-256-candidats\/"},"modified":"2022-02-08T11:14:51","modified_gmt":"2022-02-08T16:14:51","slug":"migration-irreguliere-la-marine-royale-porte-assistance-a-256-candidats","status":"publish","type":"post","link":"https:\/\/linitiative.ca\/International\/migration-irreguliere-la-marine-royale-porte-assistance-a-256-candidats\/","title":{"rendered":"Migration irr\u00e9guli\u00e8re: La Marine Royale porte assistance \u00e0 256 candidats"},"content":{"rendered":"<div>\n<div style=\"margin-bottom:20px;\"><img loading=\"lazy\" decoding=\"async\" width=\"750\" height=\"430\" src=\"https:\/\/linitiative.ca\/International\/wp-content\/uploads\/sites\/23\/2022\/02\/Des-Garde-cC3B4tes-de-la-Marine-Royale-750C397430-MAP.jpg\" class=\"attachment-post-thumbnail size-post-thumbnail wp-post-image\" alt=\"\" srcset=\"https:\/\/linitiative.ca\/International\/wp-content\/uploads\/sites\/23\/2022\/02\/Des-Garde-cC3B4tes-de-la-Marine-Royale-750C397430-MAP.jpg 750w, https:\/\/www.mapoujda.ma\/map\/uploads\/2021\/07\/Des-Garde-c\u00f4tes-de-la-Marine-Royale-750\u00d7430-MAP-300x172.jpg 300w\" sizes=\"auto, (max-width: 750px) 100vw, 750px\"><\/div>\n<p style=\"text-align: justify;\">Des garde-c\u00f4tes de la Marine Royale op\u00e9rant en M\u00e9diterran\u00e9e et en Atlantique ont port\u00e9 assistance, du 05 au 08 f\u00e9vrier, \u00e0 256 candidats \u00e0 la migration irr\u00e9guli\u00e8re \u00e0 majorit\u00e9 subsahariens, dont 41 femmes et 5 enfants, en difficult\u00e9 \u00e0 bord d\u2019embarcations de fortune, apprend-on de source militaire.<\/p>\n<p style=\"text-align: justify;\">Les personnes secourues ont re\u00e7u les premiers soins \u00e0 bord des unit\u00e9s de la Marine Royale, avant d\u2019\u00eatre achemin\u00e9es vers les ports les plus proches du Royaume puis remis \u00e0 la Gendarmerie Royale pour les proc\u00e9dures administratives d\u2019usage, pr\u00e9cise-t-on de m\u00eame source.<\/p>\n<p>L\u2019article <a rel=\"nofollow\" href=\"https:\/\/www.mapoujda.ma\/fr\/migration-irreguliere-la-marine-royale-porte-assistance-a-256-candidats\/\">Migration irr\u00e9guli\u00e8re: La Marine Royale porte assistance \u00e0 256 candidats<\/a> est apparu en premier sur <a rel=\"nofollow\" href=\"https:\/\/www.mapoujda.ma\/fr\">MapOujda<\/a>.<\/p>\n<\/div>\n<p>Auteur: Soufiane ELAHMAR<br \/>\n<a href=\"https:\/\/www.mapoujda.ma\/fr\/migration-irreguliere-la-marine-royale-porte-assistance-a-256-candidats\/\">Cliquez ici pour lire l&rsquo;article depuis sa source.<\/a><\/p>\n","protected":false},"excerpt":{"rendered":"<p>Des garde-c\u00f4tes de la Marine Royale op\u00e9rant en M\u00e9diterran\u00e9e et en Atlantique ont port\u00e9 assistance, du 05 au 08 f\u00e9vrier, \u00e0 256 candidats \u00e0 la migration irr\u00e9guli\u00e8re \u00e0 majorit\u00e9 subsahariens, dont 41 femmes et 5 enfants, en difficult\u00e9 \u00e0 bord d\u2019embarcations de fortune, apprend-on de source militaire. Les personnes secourues ont re\u00e7u les premiers soins [&hellip;]<\/p>\n","protected":false},"author":1788,"featured_media":0,"comment_status":"closed","ping_status":"closed","sticky":false,"template":"","format":"standard","meta":{"fifu_image_url":"https:\/\/www.mapoujda.ma\/map\/uploads\/2021\/07\/Des-Garde-c\u00f4tes-de-la-Marine-Royale-750\u00d7430-MAP.jpg","fifu_image_alt":"Migration irr\u00e9guli\u00e8re: La Marine Royale porte assistance \u00e0 256 candidats","footnotes":""},"categories":[54,76],"tags":[],"class_list":["post-140316","post","type-post","status-publish","format-standard","hentry","category-maroc","category-regions"],"_links":{"self":[{"href":"https:\/\/linitiative.ca\/International\/wp-json\/wp\/v2\/posts\/140316","targetHints":{"allow":["GET"]}}],"collection":[{"href":"https:\/\/linitiative.ca\/International\/wp-json\/wp\/v2\/posts"}],"about":[{"href":"https:\/\/linitiative.ca\/International\/wp-json\/wp\/v2\/types\/post"}],"author":[{"embeddable":true,"href":"https:\/\/linitiative.ca\/International\/wp-json\/wp\/v2\/users\/1788"}],"replies":[{"embeddable":true,"href":"https:\/\/linitiative.ca\/International\/wp-json\/wp\/v2\/comments?post=140316"}],"version-history":[{"count":0,"href":"https:\/\/linitiative.ca\/International\/wp-json\/wp\/v2\/posts\/140316\/revisions"}],"wp:attachment":[{"href":"https:\/\/linitiative.ca\/International\/wp-json\/wp\/v2\/media?parent=140316"}],"wp:term":[{"taxonomy":"category","embeddable":true,"href":"https:\/\/linitiative.ca\/International\/wp-json\/wp\/v2\/categories?post=140316"},{"taxonomy":"post_tag","embeddable":true,"href":"https:\/\/linitiative.ca\/International\/wp-json\/wp\/v2\/tags?post=140316"}],"curies":[{"name":"wp","href":"https:\/\/api.w.org\/{rel}","templated":true}]}}